{"id":5168,"date":"2026-08-30T16:10:27","date_gmt":"2026-08-30T16:10:27","guid":{"rendered":"https:\/\/klubolimpijczyka.duchu.net\/?p=5168"},"modified":"2026-08-30T16:10:27","modified_gmt":"2026-08-30T16:10:27","slug":"rodzinne-bieganie-w-terespolu","status":"publish","type":"post","link":"https:\/\/klubolimpijczyka.duchu.net\/index.php\/2026\/08\/30\/rodzinne-bieganie-w-terespolu\/","title":{"rendered":"RODZINNE BIEGANIE W TERESPOLU"},"content":{"rendered":"\n<figure class=\"wp-block-image size-full\"><img loading=\"lazy\" decoding=\"async\" width=\"1024\" height=\"768\" src=\"https:\/\/klubolimpijczyka.duchu.net\/wp-content\/uploads\/2026\/08\/IMG_5277.jpg\" alt=\"\" class=\"wp-image-5169\" srcset=\"https:\/\/klubolimpijczyka.duchu.net\/wp-content\/uploads\/2026\/08\/IMG_5277.jpg 1024w, https:\/\/klubolimpijczyka.duchu.net\/wp-content\/uploads\/2026\/08\/IMG_5277-300x225.jpg 300w, https:\/\/klubolimpijczyka.duchu.net\/wp-content\/uploads\/2026\/08\/IMG_5277-768x576.jpg 768w, https:\/\/klubolimpijczyka.duchu.net\/wp-content\/uploads\/2026\/08\/IMG_5277-660x495.jpg 660w\" sizes=\"auto, (max-width: 1024px) 100vw, 1024px\" \/><\/figure>\n\n\n\n<p class=\"wp-block-paragraph\">W niedziel\u0119, 30 sierpnia w Terespolu odby\u0142 si\u0119 VI Bieg im. Franciszka Krajowskiego. Wzi\u0119\u0142o w nim udzia\u0142 50 uczestnik\u00f3w, reprezentuj\u0105cych kilka pokole\u0144. Tradycyjnie biega\u0142y ca\u0142e rodziny: dziadkowie, dzieci i wnucz\u0119ta. Nie zawiod\u0142a i tym razem rodzina Szyd\u0142owskich, kt\u00f3ra wyst\u0105pi\u0142a w najliczniejszym, dziewi\u0119cioosobowym sk\u0142adzie! Rozpi\u0119to\u015b\u0107 wieku biegaczy by\u0142a bardzo du\u017ca \u2013 najm\u0142odszy uczestnik, to czterolatek, a najstarszy \u201etroch\u0119\u201d ponad 60 lat. Cieszy ta sportowa integracja pokoleniowa. W\u015br\u00f3d m\u0119\u017cczyzn jako pierwszy na mecie zameldowa\u0142 si\u0119 Daniel Szczygie\u0142 przed Grzegorzem Biegaj\u0142o i Mateuszem Leonienko. W\u015br\u00f3d kobiet wygra\u0142a Dorota Jankowska, druga by\u0142a Maria Ste\u0107, a trzecia Joanna Leonienko. Wszyscy uczestnicy otrzymali pami\u0105tkowe medale oraz dyplomy. Organizatorem wydarzenia byli: Miejskie Centrum Kultury Sportu i Rekreacji oraz Klub Olimpijczyka w Terespolu.<\/p>\n\n\n\n<figure class=\"wp-block-image size-full\"><img loading=\"lazy\" decoding=\"async\" width=\"1024\" height=\"768\" src=\"https:\/\/klubolimpijczyka.duchu.net\/wp-content\/uploads\/2026\/08\/IMG_5278.jpg\" alt=\"\" class=\"wp-image-5170\" srcset=\"https:\/\/klubolimpijczyka.duchu.net\/wp-content\/uploads\/2026\/08\/IMG_5278.jpg 1024w, https:\/\/klubolimpijczyka.duchu.net\/wp-content\/uploads\/2026\/08\/IMG_5278-300x225.jpg 300w, https:\/\/klubolimpijczyka.duchu.net\/wp-content\/uploads\/2026\/08\/IMG_5278-660x495.jpg 660w, https:\/\/klubolimpijczyka.duchu.net\/wp-content\/uploads\/2026\/08\/IMG_5278-768x576.jpg 768w\" sizes=\"auto, (max-width: 1024px) 100vw, 1024px\" \/><\/figure>\n\n\n\n\n\n<figure class=\"wp-block-gallery has-nested-images columns-default is-cropped wp-block-gallery-1 is-layout-flex wp-block-gallery-is-layout-flex\">\n<figure class=\"wp-block-image size-full\"><img loading=\"lazy\" decoding=\"async\" width=\"1024\" height=\"768\" data-id=\"5172\" src=\"https:\/\/klubolimpijczyka.duchu.net\/wp-content\/uploads\/2026\/08\/IMG_5279.jpg\" alt=\"\" class=\"wp-image-5172\" srcset=\"https:\/\/klubolimpijczyka.duchu.net\/wp-content\/uploads\/2026\/08\/IMG_5279.jpg 1024w, https:\/\/klubolimpijczyka.duchu.net\/wp-content\/uploads\/2026\/08\/IMG_5279-300x225.jpg 300w, https:\/\/klubolimpijczyka.duchu.net\/wp-content\/uploads\/2026\/08\/IMG_5279-660x495.jpg 660w, https:\/\/klubolimpijczyka.duchu.net\/wp-content\/uploads\/2026\/08\/IMG_5279-768x576.jpg 768w\" sizes=\"auto, (max-width: 1024px) 100vw, 1024px\" \/><\/figure>\n\n\n\n<figure class=\"wp-block-image size-full\"><img loading=\"lazy\" decoding=\"async\" width=\"1024\" height=\"768\" data-id=\"5173\" src=\"https:\/\/klubolimpijczyka.duchu.net\/wp-content\/uploads\/2026\/08\/IMG_5280.jpg\" alt=\"\" class=\"wp-image-5173\" srcset=\"https:\/\/klubolimpijczyka.duchu.net\/wp-content\/uploads\/2026\/08\/IMG_5280.jpg 1024w, https:\/\/klubolimpijczyka.duchu.net\/wp-content\/uploads\/2026\/08\/IMG_5280-300x225.jpg 300w, https:\/\/klubolimpijczyka.duchu.net\/wp-content\/uploads\/2026\/08\/IMG_5280-768x576.jpg 768w, https:\/\/klubolimpijczyka.duchu.net\/wp-content\/uploads\/2026\/08\/IMG_5280-660x495.jpg 660w\" sizes=\"auto, (max-width: 1024px) 100vw, 1024px\" \/><\/figure>\n\n\n\n<figure class=\"wp-block-image size-full\"><img loading=\"lazy\" decoding=\"async\" width=\"576\" height=\"768\" data-id=\"5171\" src=\"https:\/\/klubolimpijczyka.duchu.net\/wp-content\/uploads\/2026\/08\/IMG_5287.jpg\" alt=\"\" class=\"wp-image-5171\" srcset=\"https:\/\/klubolimpijczyka.duchu.net\/wp-content\/uploads\/2026\/08\/IMG_5287.jpg 576w, https:\/\/klubolimpijczyka.duchu.net\/wp-content\/uploads\/2026\/08\/IMG_5287-225x300.jpg 225w\" sizes=\"auto, (max-width: 576px) 100vw, 576px\" \/><\/figure>\n\n\n\n<figure class=\"wp-block-image size-full\"><img loading=\"lazy\" decoding=\"async\" width=\"1024\" height=\"768\" data-id=\"5174\" src=\"https:\/\/klubolimpijczyka.duchu.net\/wp-content\/uploads\/2026\/08\/IMG_5289.jpg\" alt=\"\" class=\"wp-image-5174\" srcset=\"https:\/\/klubolimpijczyka.duchu.net\/wp-content\/uploads\/2026\/08\/IMG_5289.jpg 1024w, https:\/\/klubolimpijczyka.duchu.net\/wp-content\/uploads\/2026\/08\/IMG_5289-300x225.jpg 300w, https:\/\/klubolimpijczyka.duchu.net\/wp-content\/uploads\/2026\/08\/IMG_5289-660x495.jpg 660w, https:\/\/klubolimpijczyka.duchu.net\/wp-content\/uploads\/2026\/08\/IMG_5289-768x576.jpg 768w\" sizes=\"auto, (max-width: 1024px) 100vw, 1024px\" \/><\/figure>\n\n\n\n<figure class=\"wp-block-image size-full\"><img loading=\"lazy\" decoding=\"async\" width=\"1024\" height=\"768\" data-id=\"5175\" src=\"https:\/\/klubolimpijczyka.duchu.net\/wp-content\/uploads\/2026\/08\/IMG_5294.jpg\" alt=\"\" class=\"wp-image-5175\" srcset=\"https:\/\/klubolimpijczyka.duchu.net\/wp-content\/uploads\/2026\/08\/IMG_5294.jpg 1024w, https:\/\/klubolimpijczyka.duchu.net\/wp-content\/uploads\/2026\/08\/IMG_5294-300x225.jpg 300w, https:\/\/klubolimpijczyka.duchu.net\/wp-content\/uploads\/2026\/08\/IMG_5294-768x576.jpg 768w, https:\/\/klubolimpijczyka.duchu.net\/wp-content\/uploads\/2026\/08\/IMG_5294-660x495.jpg 660w\" sizes=\"auto, (max-width: 1024px) 100vw, 1024px\" \/><\/figure>\n\n\n\n<figure class=\"wp-block-image size-full\"><img loading=\"lazy\" decoding=\"async\" width=\"1024\" height=\"768\" data-id=\"5176\" src=\"https:\/\/klubolimpijczyka.duchu.net\/wp-content\/uploads\/2026\/08\/IMG_5300.jpg\" alt=\"\" class=\"wp-image-5176\" srcset=\"https:\/\/klubolimpijczyka.duchu.net\/wp-content\/uploads\/2026\/08\/IMG_5300.jpg 1024w, https:\/\/klubolimpijczyka.duchu.net\/wp-content\/uploads\/2026\/08\/IMG_5300-300x225.jpg 300w, https:\/\/klubolimpijczyka.duchu.net\/wp-content\/uploads\/2026\/08\/IMG_5300-768x576.jpg 768w, https:\/\/klubolimpijczyka.duchu.net\/wp-content\/uploads\/2026\/08\/IMG_5300-660x495.jpg 660w\" sizes=\"auto, (max-width: 1024px) 100vw, 1024px\" \/><\/figure>\n<\/figure>\n\n\n\n<figure class=\"wp-block-image size-full\"><img loading=\"lazy\" decoding=\"async\" width=\"1024\" height=\"768\" src=\"https:\/\/klubolimpijczyka.duchu.net\/wp-content\/uploads\/2026\/08\/IMG_5276.jpg\" alt=\"\" class=\"wp-image-5177\" srcset=\"https:\/\/klubolimpijczyka.duchu.net\/wp-content\/uploads\/2026\/08\/IMG_5276.jpg 1024w, https:\/\/klubolimpijczyka.duchu.net\/wp-content\/uploads\/2026\/08\/IMG_5276-300x225.jpg 300w, https:\/\/klubolimpijczyka.duchu.net\/wp-content\/uploads\/2026\/08\/IMG_5276-660x495.jpg 660w, https:\/\/klubolimpijczyka.duchu.net\/wp-content\/uploads\/2026\/08\/IMG_5276-768x576.jpg 768w\" sizes=\"auto, (max-width: 1024px) 100vw, 1024px\" \/><\/figure>\n","protected":false},"excerpt":{"rendered":"<p>W niedziel\u0119, 30 sierpnia w Terespolu odby\u0142 si\u0119 VI Bieg im. Franciszka Krajowskiego. Wzi\u0119\u0142o w nim udzia\u0142 50 uczestnik\u00f3w, reprezentuj\u0105cych kilka pokole\u0144. Tradycyjnie biega\u0142y ca\u0142e rodziny: dziadkowie, dzieci i wnucz\u0119ta. Nie zawiod\u0142a i tym razem rodzina Szyd\u0142owskich, kt\u00f3ra wyst\u0105pi\u0142a w najliczniejszym, dziewi\u0119cioosobowym sk\u0142adzie! Rozpi\u0119to\u015b\u0107 wieku biegaczy by\u0142a bardzo du\u017ca \u2013 najm\u0142odszy uczestnik, to czterolatek, a\u2026 <span class=\"read-more\"><a href=\"https:\/\/klubolimpijczyka.duchu.net\/index.php\/2026\/08\/30\/rodzinne-bieganie-w-terespolu\/\">Czytaj dalej &raquo;<\/a><\/span><\/p>\n","protected":false},"author":2,"featured_media":0,"comment_status":"open","ping_status":"open","sticky":false,"template":"","format":"standard","meta":{"footnotes":""},"categories":[2,20],"tags":[],"class_list":["post-5168","post","type-post","status-publish","format-standard","hentry","category-biegi","category-pamieci"],"_links":{"self":[{"href":"https:\/\/klubolimpijczyka.duchu.net\/index.php\/wp-json\/wp\/v2\/posts\/5168","targetHints":{"allow":["GET"]}}],"collection":[{"href":"https:\/\/klubolimpijczyka.duchu.net\/index.php\/wp-json\/wp\/v2\/posts"}],"about":[{"href":"https:\/\/klubolimpijczyka.duchu.net\/index.php\/wp-json\/wp\/v2\/types\/post"}],"author":[{"embeddable":true,"href":"https:\/\/klubolimpijczyka.duchu.net\/index.php\/wp-json\/wp\/v2\/users\/2"}],"replies":[{"embeddable":true,"href":"https:\/\/klubolimpijczyka.duchu.net\/index.php\/wp-json\/wp\/v2\/comments?post=5168"}],"version-history":[{"count":1,"href":"https:\/\/klubolimpijczyka.duchu.net\/index.php\/wp-json\/wp\/v2\/posts\/5168\/revisions"}],"predecessor-version":[{"id":5178,"href":"https:\/\/klubolimpijczyka.duchu.net\/index.php\/wp-json\/wp\/v2\/posts\/5168\/revisions\/5178"}],"wp:attachment":[{"href":"https:\/\/klubolimpijczyka.duchu.net\/index.php\/wp-json\/wp\/v2\/media?parent=5168"}],"wp:term":[{"taxonomy":"category","embeddable":true,"href":"https:\/\/klubolimpijczyka.duchu.net\/index.php\/wp-json\/wp\/v2\/categories?post=5168"},{"taxonomy":"post_tag","embeddable":true,"href":"https:\/\/klubolimpijczyka.duchu.net\/index.php\/wp-json\/wp\/v2\/tags?post=5168"}],"curies":[{"name":"wp","href":"https:\/\/api.w.org\/{rel}","templated":true}]}}