{"id":4741,"date":"2025-10-22T11:23:59","date_gmt":"2025-10-22T11:23:59","guid":{"rendered":"https:\/\/klubolimpijczyka.duchu.net\/?p=4741"},"modified":"2025-10-22T11:23:59","modified_gmt":"2025-10-22T11:23:59","slug":"biegaly-w-tomaszowie","status":"publish","type":"post","link":"https:\/\/klubolimpijczyka.duchu.net\/index.php\/2025\/10\/22\/biegaly-w-tomaszowie\/","title":{"rendered":"Biega\u0142y w Tomaszowie"},"content":{"rendered":"\n<div class=\"wp-block-media-text is-stacked-on-mobile\"><figure class=\"wp-block-media-text__media\"><img loading=\"lazy\" decoding=\"async\" width=\"768\" height=\"1024\" src=\"https:\/\/klubolimpijczyka.duchu.net\/wp-content\/uploads\/2025\/10\/IMG_4018-768x1024.jpg\" alt=\"\" class=\"wp-image-4742 size-full\" srcset=\"https:\/\/klubolimpijczyka.duchu.net\/wp-content\/uploads\/2025\/10\/IMG_4018-768x1024.jpg 768w, https:\/\/klubolimpijczyka.duchu.net\/wp-content\/uploads\/2025\/10\/IMG_4018-225x300.jpg 225w, https:\/\/klubolimpijczyka.duchu.net\/wp-content\/uploads\/2025\/10\/IMG_4018-1152x1536.jpg 1152w, https:\/\/klubolimpijczyka.duchu.net\/wp-content\/uploads\/2025\/10\/IMG_4018-1536x2048.jpg 1536w, https:\/\/klubolimpijczyka.duchu.net\/wp-content\/uploads\/2025\/10\/IMG_4018-660x880.jpg 660w, https:\/\/klubolimpijczyka.duchu.net\/wp-content\/uploads\/2025\/10\/IMG_4018-scaled.jpg 1920w\" sizes=\"auto, (max-width: 768px) 100vw, 768px\" \/><\/figure><div class=\"wp-block-media-text__content\">\n<p>Dziewcz\u0119ta reprezentuj\u0105ce Akademickie Liceum Og\u00f3lnokszta\u0142c\u0105ce w Terespolu biega\u0142y w Finale Wojew\u00f3dzkim w Sztafetowych Biegach Prze\u0142ajowych w Tomaszowie Lubelskim, w dniu 21.10.2025 r.<\/p>\n<\/div><\/div>\n\n\n\n<p>Dziewcz\u0119ta z Akademickiego Liceum Og\u00f3lnokszta\u0142c\u0105cego w Terespolu, w dniu 21 pa\u017adziernika pobieg\u0142y w Finale Wojew\u00f3dzkim w Sztafetowych Biegach Prze\u0142ajowych. Tego dnia, w Tomaszowie Lubelskim dopisa\u0142a pogoda, \u015bwieci\u0142o s\u0142o\u0144ce, a z\u0142ote barwy jesieni dodatkowo motywowa\u0142y do wysi\u0142ku. Malownicza trasa prowadzi\u0142a alejkami le\u015bnymi. ALO reprezentowa\u0142y<strong>: Iga Arseniuk, Aleksandra Leszek, Patrycja Markowska, Natalia Semeniuk, Maria Juszczuk i Maria Michalczuk. <\/strong>Dziewcz\u0119ta zaj\u0119\u0142y dziesi\u0105te miejsce w wojew\u00f3dztwie! Przypominamy, \u017ce po drodze do Fina\u0142u Woj. \u201enasze \u201edziewcz\u0119ta\u201d wygra\u0142y zawody na szczeblu powiatu i zaj\u0119\u0142y drugie miejsce w rejonie. Gratulacje!<\/p>\n\n\n\n<div class=\"wp-block-media-text is-stacked-on-mobile\"><figure class=\"wp-block-media-text__media\"><img loading=\"lazy\" decoding=\"async\" width=\"1024\" height=\"740\" src=\"https:\/\/klubolimpijczyka.duchu.net\/wp-content\/uploads\/2025\/10\/IMG_E4019-1024x740.jpg\" alt=\"\" class=\"wp-image-4743 size-full\" srcset=\"https:\/\/klubolimpijczyka.duchu.net\/wp-content\/uploads\/2025\/10\/IMG_E4019-1024x740.jpg 1024w, https:\/\/klubolimpijczyka.duchu.net\/wp-content\/uploads\/2025\/10\/IMG_E4019-300x217.jpg 300w, https:\/\/klubolimpijczyka.duchu.net\/wp-content\/uploads\/2025\/10\/IMG_E4019-768x555.jpg 768w, https:\/\/klubolimpijczyka.duchu.net\/wp-content\/uploads\/2025\/10\/IMG_E4019-1536x1110.jpg 1536w, https:\/\/klubolimpijczyka.duchu.net\/wp-content\/uploads\/2025\/10\/IMG_E4019-2048x1479.jpg 2048w, https:\/\/klubolimpijczyka.duchu.net\/wp-content\/uploads\/2025\/10\/IMG_E4019-660x477.jpg 660w\" sizes=\"auto, (max-width: 1024px) 100vw, 1024px\" \/><\/figure><div class=\"wp-block-media-text__content\">\n<p>Za chwil\u0119 start do biegu!<\/p>\n<\/div><\/div>\n\n\n\n<figure class=\"wp-block-gallery has-nested-images columns-default is-cropped wp-block-gallery-1 is-layout-flex wp-block-gallery-is-layout-flex\">\n<figure class=\"wp-block-image size-large\"><img loading=\"lazy\" decoding=\"async\" width=\"768\" height=\"1024\" data-id=\"4744\" src=\"https:\/\/klubolimpijczyka.duchu.net\/wp-content\/uploads\/2025\/10\/IMG_4021-768x1024.jpg\" alt=\"\" class=\"wp-image-4744\" srcset=\"https:\/\/klubolimpijczyka.duchu.net\/wp-content\/uploads\/2025\/10\/IMG_4021-768x1024.jpg 768w, https:\/\/klubolimpijczyka.duchu.net\/wp-content\/uploads\/2025\/10\/IMG_4021-225x300.jpg 225w, https:\/\/klubolimpijczyka.duchu.net\/wp-content\/uploads\/2025\/10\/IMG_4021-1152x1536.jpg 1152w, https:\/\/klubolimpijczyka.duchu.net\/wp-content\/uploads\/2025\/10\/IMG_4021-1536x2048.jpg 1536w, https:\/\/klubolimpijczyka.duchu.net\/wp-content\/uploads\/2025\/10\/IMG_4021-660x880.jpg 660w, https:\/\/klubolimpijczyka.duchu.net\/wp-content\/uploads\/2025\/10\/IMG_4021-scaled.jpg 1920w\" sizes=\"auto, (max-width: 768px) 100vw, 768px\" \/><\/figure>\n\n\n\n<figure class=\"wp-block-image size-large\"><img loading=\"lazy\" decoding=\"async\" width=\"921\" height=\"1024\" data-id=\"4747\" src=\"https:\/\/klubolimpijczyka.duchu.net\/wp-content\/uploads\/2025\/10\/IMG_E4020-921x1024.jpg\" alt=\"\" class=\"wp-image-4747\" srcset=\"https:\/\/klubolimpijczyka.duchu.net\/wp-content\/uploads\/2025\/10\/IMG_E4020-921x1024.jpg 921w, https:\/\/klubolimpijczyka.duchu.net\/wp-content\/uploads\/2025\/10\/IMG_E4020-270x300.jpg 270w, https:\/\/klubolimpijczyka.duchu.net\/wp-content\/uploads\/2025\/10\/IMG_E4020-768x854.jpg 768w, https:\/\/klubolimpijczyka.duchu.net\/wp-content\/uploads\/2025\/10\/IMG_E4020-1381x1536.jpg 1381w, https:\/\/klubolimpijczyka.duchu.net\/wp-content\/uploads\/2025\/10\/IMG_E4020-1842x2048.jpg 1842w, https:\/\/klubolimpijczyka.duchu.net\/wp-content\/uploads\/2025\/10\/IMG_E4020-660x734.jpg 660w\" sizes=\"auto, (max-width: 921px) 100vw, 921px\" \/><\/figure>\n\n\n\n<figure class=\"wp-block-image size-large\"><img loading=\"lazy\" decoding=\"async\" width=\"800\" height=\"1024\" data-id=\"4745\" src=\"https:\/\/klubolimpijczyka.duchu.net\/wp-content\/uploads\/2025\/10\/IMG_E4022-800x1024.jpg\" alt=\"\" class=\"wp-image-4745\" srcset=\"https:\/\/klubolimpijczyka.duchu.net\/wp-content\/uploads\/2025\/10\/IMG_E4022-800x1024.jpg 800w, https:\/\/klubolimpijczyka.duchu.net\/wp-content\/uploads\/2025\/10\/IMG_E4022-234x300.jpg 234w, https:\/\/klubolimpijczyka.duchu.net\/wp-content\/uploads\/2025\/10\/IMG_E4022-768x983.jpg 768w, https:\/\/klubolimpijczyka.duchu.net\/wp-content\/uploads\/2025\/10\/IMG_E4022-1200x1536.jpg 1200w, https:\/\/klubolimpijczyka.duchu.net\/wp-content\/uploads\/2025\/10\/IMG_E4022-1599x2048.jpg 1599w, https:\/\/klubolimpijczyka.duchu.net\/wp-content\/uploads\/2025\/10\/IMG_E4022-660x845.jpg 660w, https:\/\/klubolimpijczyka.duchu.net\/wp-content\/uploads\/2025\/10\/IMG_E4022-scaled.jpg 1999w\" sizes=\"auto, (max-width: 800px) 100vw, 800px\" \/><\/figure>\n\n\n\n<figure class=\"wp-block-image size-large\"><img loading=\"lazy\" decoding=\"async\" width=\"680\" height=\"1024\" data-id=\"4746\" src=\"https:\/\/klubolimpijczyka.duchu.net\/wp-content\/uploads\/2025\/10\/IMG_E4023-680x1024.jpg\" alt=\"\" class=\"wp-image-4746\" srcset=\"https:\/\/klubolimpijczyka.duchu.net\/wp-content\/uploads\/2025\/10\/IMG_E4023-680x1024.jpg 680w, https:\/\/klubolimpijczyka.duchu.net\/wp-content\/uploads\/2025\/10\/IMG_E4023-199x300.jpg 199w, https:\/\/klubolimpijczyka.duchu.net\/wp-content\/uploads\/2025\/10\/IMG_E4023-768x1157.jpg 768w, https:\/\/klubolimpijczyka.duchu.net\/wp-content\/uploads\/2025\/10\/IMG_E4023-1020x1536.jpg 1020w, https:\/\/klubolimpijczyka.duchu.net\/wp-content\/uploads\/2025\/10\/IMG_E4023-1359x2048.jpg 1359w, https:\/\/klubolimpijczyka.duchu.net\/wp-content\/uploads\/2025\/10\/IMG_E4023-660x994.jpg 660w, https:\/\/klubolimpijczyka.duchu.net\/wp-content\/uploads\/2025\/10\/IMG_E4023-scaled.jpg 1699w\" sizes=\"auto, (max-width: 680px) 100vw, 680px\" \/><\/figure>\n\n\n\n<figure class=\"wp-block-image size-large\"><img loading=\"lazy\" decoding=\"async\" width=\"749\" height=\"1024\" data-id=\"4749\" src=\"https:\/\/klubolimpijczyka.duchu.net\/wp-content\/uploads\/2025\/10\/IMG_E4024-749x1024.jpg\" alt=\"\" class=\"wp-image-4749\" srcset=\"https:\/\/klubolimpijczyka.duchu.net\/wp-content\/uploads\/2025\/10\/IMG_E4024-749x1024.jpg 749w, https:\/\/klubolimpijczyka.duchu.net\/wp-content\/uploads\/2025\/10\/IMG_E4024-219x300.jpg 219w, https:\/\/klubolimpijczyka.duchu.net\/wp-content\/uploads\/2025\/10\/IMG_E4024-768x1051.jpg 768w, https:\/\/klubolimpijczyka.duchu.net\/wp-content\/uploads\/2025\/10\/IMG_E4024-1123x1536.jpg 1123w, https:\/\/klubolimpijczyka.duchu.net\/wp-content\/uploads\/2025\/10\/IMG_E4024-1497x2048.jpg 1497w, https:\/\/klubolimpijczyka.duchu.net\/wp-content\/uploads\/2025\/10\/IMG_E4024-660x903.jpg 660w, https:\/\/klubolimpijczyka.duchu.net\/wp-content\/uploads\/2025\/10\/IMG_E4024-scaled.jpg 1871w\" sizes=\"auto, (max-width: 749px) 100vw, 749px\" \/><\/figure>\n\n\n\n<figure class=\"wp-block-image size-large\"><img loading=\"lazy\" decoding=\"async\" width=\"906\" height=\"1024\" data-id=\"4748\" src=\"https:\/\/klubolimpijczyka.duchu.net\/wp-content\/uploads\/2025\/10\/IMG_E4025-906x1024.jpg\" alt=\"\" class=\"wp-image-4748\" srcset=\"https:\/\/klubolimpijczyka.duchu.net\/wp-content\/uploads\/2025\/10\/IMG_E4025-906x1024.jpg 906w, https:\/\/klubolimpijczyka.duchu.net\/wp-content\/uploads\/2025\/10\/IMG_E4025-265x300.jpg 265w, https:\/\/klubolimpijczyka.duchu.net\/wp-content\/uploads\/2025\/10\/IMG_E4025-768x868.jpg 768w, https:\/\/klubolimpijczyka.duchu.net\/wp-content\/uploads\/2025\/10\/IMG_E4025-1359x1536.jpg 1359w, https:\/\/klubolimpijczyka.duchu.net\/wp-content\/uploads\/2025\/10\/IMG_E4025-1812x2048.jpg 1812w, https:\/\/klubolimpijczyka.duchu.net\/wp-content\/uploads\/2025\/10\/IMG_E4025-660x746.jpg 660w\" sizes=\"auto, (max-width: 906px) 100vw, 906px\" \/><\/figure>\n<\/figure>\n\n\n\n<div class=\"wp-block-media-text is-stacked-on-mobile\"><figure class=\"wp-block-media-text__media\"><img loading=\"lazy\" decoding=\"async\" width=\"1024\" height=\"769\" src=\"https:\/\/klubolimpijczyka.duchu.net\/wp-content\/uploads\/2025\/10\/IMG_E4030-1024x769.jpg\" alt=\"\" class=\"wp-image-4750 size-full\" srcset=\"https:\/\/klubolimpijczyka.duchu.net\/wp-content\/uploads\/2025\/10\/IMG_E4030-1024x769.jpg 1024w, https:\/\/klubolimpijczyka.duchu.net\/wp-content\/uploads\/2025\/10\/IMG_E4030-300x225.jpg 300w, https:\/\/klubolimpijczyka.duchu.net\/wp-content\/uploads\/2025\/10\/IMG_E4030-768x576.jpg 768w, https:\/\/klubolimpijczyka.duchu.net\/wp-content\/uploads\/2025\/10\/IMG_E4030-1536x1153.jpg 1536w, https:\/\/klubolimpijczyka.duchu.net\/wp-content\/uploads\/2025\/10\/IMG_E4030-2048x1537.jpg 2048w, https:\/\/klubolimpijczyka.duchu.net\/wp-content\/uploads\/2025\/10\/IMG_E4030-660x495.jpg 660w\" sizes=\"auto, (max-width: 1024px) 100vw, 1024px\" \/><\/figure><div class=\"wp-block-media-text__content\">\n<p>W\u015br\u00f3d najlepszych w Wojew\u00f3dztwie: <strong>Iga Arseniuk, Aleksandra Leszek, Patrycja Markowska, Natalia Semeniuk, Maria Juszczuk i Maria Michalczuk , uczennice ALO w Terespolu!<\/strong><\/p>\n<\/div><\/div>\n","protected":false},"excerpt":{"rendered":"<p>Dziewcz\u0119ta reprezentuj\u0105ce Akademickie Liceum Og\u00f3lnokszta\u0142c\u0105ce w Terespolu biega\u0142y w Finale Wojew\u00f3dzkim w Sztafetowych Biegach Prze\u0142ajowych w Tomaszowie Lubelskim, w dniu 21.10.2025 r. Dziewcz\u0119ta z Akademickiego Liceum Og\u00f3lnokszta\u0142c\u0105cego w Terespolu, w dniu 21 pa\u017adziernika pobieg\u0142y w Finale Wojew\u00f3dzkim w Sztafetowych Biegach Prze\u0142ajowych. Tego dnia, w Tomaszowie Lubelskim dopisa\u0142a pogoda, \u015bwieci\u0142o s\u0142o\u0144ce, a z\u0142ote barwy jesieni dodatkowo\u2026 <span class=\"read-more\"><a href=\"https:\/\/klubolimpijczyka.duchu.net\/index.php\/2025\/10\/22\/biegaly-w-tomaszowie\/\">Czytaj dalej &raquo;<\/a><\/span><\/p>\n","protected":false},"author":2,"featured_media":0,"comment_status":"open","ping_status":"open","sticky":false,"template":"","format":"standard","meta":{"footnotes":""},"categories":[2],"tags":[],"class_list":["post-4741","post","type-post","status-publish","format-standard","hentry","category-biegi"],"_links":{"self":[{"href":"https:\/\/klubolimpijczyka.duchu.net\/index.php\/wp-json\/wp\/v2\/posts\/4741","targetHints":{"allow":["GET"]}}],"collection":[{"href":"https:\/\/klubolimpijczyka.duchu.net\/index.php\/wp-json\/wp\/v2\/posts"}],"about":[{"href":"https:\/\/klubolimpijczyka.duchu.net\/index.php\/wp-json\/wp\/v2\/types\/post"}],"author":[{"embeddable":true,"href":"https:\/\/klubolimpijczyka.duchu.net\/index.php\/wp-json\/wp\/v2\/users\/2"}],"replies":[{"embeddable":true,"href":"https:\/\/klubolimpijczyka.duchu.net\/index.php\/wp-json\/wp\/v2\/comments?post=4741"}],"version-history":[{"count":1,"href":"https:\/\/klubolimpijczyka.duchu.net\/index.php\/wp-json\/wp\/v2\/posts\/4741\/revisions"}],"predecessor-version":[{"id":4751,"href":"https:\/\/klubolimpijczyka.duchu.net\/index.php\/wp-json\/wp\/v2\/posts\/4741\/revisions\/4751"}],"wp:attachment":[{"href":"https:\/\/klubolimpijczyka.duchu.net\/index.php\/wp-json\/wp\/v2\/media?parent=4741"}],"wp:term":[{"taxonomy":"category","embeddable":true,"href":"https:\/\/klubolimpijczyka.duchu.net\/index.php\/wp-json\/wp\/v2\/categories?post=4741"},{"taxonomy":"post_tag","embeddable":true,"href":"https:\/\/klubolimpijczyka.duchu.net\/index.php\/wp-json\/wp\/v2\/tags?post=4741"}],"curies":[{"name":"wp","href":"https:\/\/api.w.org\/{rel}","templated":true}]}}