{"id":4571,"date":"2025-08-26T19:31:13","date_gmt":"2025-08-26T19:31:13","guid":{"rendered":"https:\/\/klubolimpijczyka.duchu.net\/?p=4571"},"modified":"2025-08-26T19:31:13","modified_gmt":"2025-08-26T19:31:13","slug":"powiatowy-konkurs-plastyczny","status":"publish","type":"post","link":"https:\/\/klubolimpijczyka.duchu.net\/index.php\/2025\/08\/26\/powiatowy-konkurs-plastyczny\/","title":{"rendered":"Powiatowy Konkurs Plastyczny"},"content":{"rendered":"\n<figure class=\"wp-block-image size-large\"><img loading=\"lazy\" decoding=\"async\" width=\"724\" height=\"1024\" src=\"https:\/\/klubolimpijczyka.duchu.net\/wp-content\/uploads\/2025\/08\/Powiatowy-konkurs-plastyczny-724x1024.png\" alt=\"\" class=\"wp-image-4572\" srcset=\"https:\/\/klubolimpijczyka.duchu.net\/wp-content\/uploads\/2025\/08\/Powiatowy-konkurs-plastyczny-724x1024.png 724w, https:\/\/klubolimpijczyka.duchu.net\/wp-content\/uploads\/2025\/08\/Powiatowy-konkurs-plastyczny-212x300.png 212w, https:\/\/klubolimpijczyka.duchu.net\/wp-content\/uploads\/2025\/08\/Powiatowy-konkurs-plastyczny-768x1086.png 768w, https:\/\/klubolimpijczyka.duchu.net\/wp-content\/uploads\/2025\/08\/Powiatowy-konkurs-plastyczny-1086x1536.png 1086w, https:\/\/klubolimpijczyka.duchu.net\/wp-content\/uploads\/2025\/08\/Powiatowy-konkurs-plastyczny-1448x2048.png 1448w, https:\/\/klubolimpijczyka.duchu.net\/wp-content\/uploads\/2025\/08\/Powiatowy-konkurs-plastyczny-660x934.png 660w, https:\/\/klubolimpijczyka.duchu.net\/wp-content\/uploads\/2025\/08\/Powiatowy-konkurs-plastyczny.png 1587w\" sizes=\"auto, (max-width: 724px) 100vw, 724px\" \/><\/figure>\n\n\n\n<p>XXV Zimowe Igrzyska Olimpijskie&nbsp;odb\u0119d\u0105 si\u0119 w 2026 roku we W\u0142oszech, w Mediolanie i Cortina d&#8217;Ampezzo.&nbsp;Ceremonia otwarcia odb\u0119dzie si\u0119 6 lutego na stadionie San Siro w Mediolanie, a zamkni\u0119cia w Weronie, w dniu 22 lutego. Z tej okazji Klub Olimpijczyka w Terespolu og\u0142asza Powiatowy Konkurs Plastyczny: \u201eWspieramy Polskich Olimpijczyk\u00f3w Podczas XXV Zimowych Igrzysk Olimpijskich\u201d.<br>Zapraszamy do udzia\u0142u uczni\u00f3w szk\u00f3\u0142 powiatu bialskiego, pasjonat\u00f3w sztuk plastycznych i sport\u00f3w zimowych.<br><strong>Regulamin konkursu:<\/strong><br><strong>I. Cele konkursu:<\/strong><\/p>\n\n\n\n<p>\u2013 upowszechnianie idei olimpijskiej,<\/p>\n\n\n\n<p>\u2013 pog\u0142\u0119bienie wiedzy o zimowych igrzyskach olimpijskich,<\/p>\n\n\n\n<p>\u2013 zainteresowanie dzieci i m\u0142odzie\u017cy igrzyskami,<\/p>\n\n\n\n<p>\u2013 promowanie aktywno\u015bci sportowej i artystycznej w \u015brodowisku szkolnym,<\/p>\n\n\n\n<p>\u2013 rozwijanie kreatywno\u015bci, umiej\u0119tno\u015bci plastycznych i tw\u00f3rczej wyobra\u017ani,<br>&#8211; wyszukiwanie i promocja utalentowanych plastycznie uczni\u00f3w.<\/p>\n\n\n\n<p><strong>II. Zasady uczestnictwa:<\/strong><\/p>\n\n\n\n<p>Konkurs skierowany jest do uczni\u00f3w szk\u00f3\u0142 podstawowych i ponadpodstawowych powiatu bialskiego.Zadaniem uczestnika jest stworzenie kartki z \u017cyczeniami powodzenia i wsparcia dla polskich olimpijczyk\u00f3w. Praca powinna by\u0107 wykonana w formacie A4 lub A3, na jednej stronie, w dowolnej technice artystycznej (kola\u017c i prace przestrzenne nie b\u0119d\u0105 dopuszczone do konkursu) i zawiera\u0107 tekst skierowany do olimpijczyk\u00f3w. Niechaj wasze s\u0142owa sprawi\u0105 rado\u015b\u0107, a jednocze\u015bnie dodadz\u0105 si\u0142 i odwagi sportowcom! Uruchomcie wyobra\u017ani\u0119, zamie\u0144cie si\u0119 w artyst\u00f3w i jednocze\u015bnie kibic\u00f3w. Wyobra\u017acie sobie, \u017ce wasze s\u0142owa maj\u0105 ogromn\u0105 moc i dzi\u0119ki nim, nasi olimpijczycy mog\u0105 wspi\u0105\u0107 si\u0119 na wy\u017cyny swoich umiej\u0119tno\u015bci, a nawet wygra\u0107! W konkursie bior\u0105 udzia\u0142 tylko prace samodzielne, b\u0119d\u0105ce wysi\u0142kiem tw\u00f3rczym ucznia.<br><strong>III. Prace b\u0119d\u0105 oceniane w 3 grupach wiekowych:<\/strong><br>&#8211; szko\u0142a podstawowa: klasy I \u2013 IV,<br>&#8211; szko\u0142a podstawowa: klasy V \u2013 VIII,<br>&#8211; szko\u0142y ponadpodstawowe.<br><strong>IV. Kryteria oceny prac konkursowych:<br><\/strong>&#8211; zgodno\u015b\u0107 przekazu pracy z celami konkursu,<br>&#8211; walory estetyczne i artystyczne,<br>&#8211; pomys\u0142owo\u015b\u0107 i oryginalno\u015b\u0107 pracy plastycznej.<br><strong>V. Spos\u00f3b sk\u0142adania prac:<\/strong><br>Ka\u017cda praca powinna by\u0107 podpisana na odwrocie<strong>: imi\u0119 i nazwisko autora, szko\u0142a, klasa, numer telefonu szko\u0142y, imi\u0119 i nazwisko nauczyciela wspomagaj\u0105cego.<br><\/strong>Wzi\u0119cieudzia\u0142u w konkursie jest r\u00f3wnoznaczne z wyra\u017ceniem zgody jego autora lub jego opiekun\u00f3w, w przypadku gdy ucze\u0144 jest niepe\u0142noletni, na wystawienie i reprodukcj\u0119 prac autora w \u015brodkach masowego przekazu w raz z podaniem imienia i nazwiska autora, oraz szko\u0142y. Tylko pod takim warunkiem prace dopuszczone b\u0119d\u0105 do konkursu. Prace staj\u0105 si\u0119 w\u0142asno\u015bci\u0105 organizatora i nie podlegaj\u0105 zwrotowi autorom. Prace prosimy sk\u0142ada\u0107 osobi\u015bcie w sekretariacie Akademickiego Liceum Og\u00f3lnokszta\u0142c\u0105cego, u nauczyciela wf, Andrzeja Korbala lub przes\u0142a\u0107 poczt\u0105 na adres: Akademickie Liceum, ul. Wojska Polskiego 88, 21-550 Terespol w nieprzekraczalnym terminie do 14.09.2025 r. (decyduje data dostarczenia, a nie data stempla pocztowego!).<br><strong>VI. Nagrody:<\/strong> Autorzy najciekawszych prac otrzymaj\u0105 nagrody ufundowane przez Polski Komitet Olimpijski w Warszawie!<br><strong>VII. Og\u0142oszenie wynik\u00f3w konkursu<\/strong> nast\u0105pi w dniu 18 wrze\u015bnia 2025 roku, podczas 33. Powiatowych Bieg\u00f3w Ulicznych im. Wincentego Koz\u0142owskiego o godz. 10.00.&nbsp;&nbsp;&nbsp;&nbsp;&nbsp;&nbsp;&nbsp;&nbsp;&nbsp;&nbsp;&nbsp;&nbsp;&nbsp;<br>&nbsp;&nbsp;&nbsp;&nbsp;&nbsp;&nbsp;&nbsp;&nbsp;&nbsp;&nbsp;&nbsp;&nbsp;&nbsp;&nbsp;&nbsp;&nbsp;&nbsp;&nbsp;&nbsp;&nbsp;&nbsp;&nbsp;&nbsp;&nbsp;&nbsp;&nbsp;&nbsp;&nbsp;&nbsp;&nbsp;&nbsp;&nbsp;&nbsp;&nbsp;&nbsp;&nbsp;&nbsp;&nbsp;&nbsp;&nbsp;&nbsp;&nbsp;<br>Z Olimpijskim pozdrowieniem:&nbsp;&nbsp;&nbsp;&nbsp;&nbsp;&nbsp;&nbsp;&nbsp;&nbsp;&nbsp;&nbsp;&nbsp;&nbsp;&nbsp;&nbsp;&nbsp;&nbsp;&nbsp;&nbsp;&nbsp;&nbsp;&nbsp;&nbsp;&nbsp;&nbsp;&nbsp;&nbsp;&nbsp;&nbsp;&nbsp;&nbsp;&nbsp;&nbsp;&nbsp;&nbsp;&nbsp;&nbsp;&nbsp;&nbsp;&nbsp;&nbsp;&nbsp;&nbsp;&nbsp;&nbsp;&nbsp;&nbsp;&nbsp;&nbsp;&nbsp;&nbsp;&nbsp;&nbsp;&nbsp;&nbsp;&nbsp;&nbsp;&nbsp;&nbsp;&nbsp;&nbsp;&nbsp;&nbsp;&nbsp;&nbsp;&nbsp;&nbsp;&nbsp;&nbsp;&nbsp;&nbsp;&nbsp;&nbsp;&nbsp;&nbsp;&nbsp;&nbsp;&nbsp;&nbsp;&nbsp;&nbsp;&nbsp;&nbsp;&nbsp;&nbsp;&nbsp;&nbsp;&nbsp;&nbsp;&nbsp;&nbsp;&nbsp;&nbsp;&nbsp;&nbsp; &nbsp;&nbsp;&nbsp;&nbsp;&nbsp;&nbsp;&nbsp;&nbsp;&nbsp;&nbsp;&nbsp;&nbsp;&nbsp;<br><br><\/p>\n","protected":false},"excerpt":{"rendered":"<p>XXV Zimowe Igrzyska Olimpijskie&nbsp;odb\u0119d\u0105 si\u0119 w 2026 roku we W\u0142oszech, w Mediolanie i Cortina d&#8217;Ampezzo.&nbsp;Ceremonia otwarcia odb\u0119dzie si\u0119 6 lutego na stadionie San Siro w Mediolanie, a zamkni\u0119cia w Weronie, w dniu 22 lutego. Z tej okazji Klub Olimpijczyka w Terespolu og\u0142asza Powiatowy Konkurs Plastyczny: \u201eWspieramy Polskich Olimpijczyk\u00f3w Podczas XXV Zimowych Igrzysk Olimpijskich\u201d.Zapraszamy do udzia\u0142u\u2026 <span class=\"read-more\"><a href=\"https:\/\/klubolimpijczyka.duchu.net\/index.php\/2025\/08\/26\/powiatowy-konkurs-plastyczny\/\">Czytaj dalej &raquo;<\/a><\/span><\/p>\n","protected":false},"author":2,"featured_media":0,"comment_status":"open","ping_status":"open","sticky":false,"template":"","format":"standard","meta":{"footnotes":""},"categories":[10,7,1],"tags":[],"class_list":["post-4571","post","type-post","status-publish","format-standard","hentry","category-konkursy-plastyczne","category-powiat","category-uncategorized"],"_links":{"self":[{"href":"https:\/\/klubolimpijczyka.duchu.net\/index.php\/wp-json\/wp\/v2\/posts\/4571","targetHints":{"allow":["GET"]}}],"collection":[{"href":"https:\/\/klubolimpijczyka.duchu.net\/index.php\/wp-json\/wp\/v2\/posts"}],"about":[{"href":"https:\/\/klubolimpijczyka.duchu.net\/index.php\/wp-json\/wp\/v2\/types\/post"}],"author":[{"embeddable":true,"href":"https:\/\/klubolimpijczyka.duchu.net\/index.php\/wp-json\/wp\/v2\/users\/2"}],"replies":[{"embeddable":true,"href":"https:\/\/klubolimpijczyka.duchu.net\/index.php\/wp-json\/wp\/v2\/comments?post=4571"}],"version-history":[{"count":1,"href":"https:\/\/klubolimpijczyka.duchu.net\/index.php\/wp-json\/wp\/v2\/posts\/4571\/revisions"}],"predecessor-version":[{"id":4573,"href":"https:\/\/klubolimpijczyka.duchu.net\/index.php\/wp-json\/wp\/v2\/posts\/4571\/revisions\/4573"}],"wp:attachment":[{"href":"https:\/\/klubolimpijczyka.duchu.net\/index.php\/wp-json\/wp\/v2\/media?parent=4571"}],"wp:term":[{"taxonomy":"category","embeddable":true,"href":"https:\/\/klubolimpijczyka.duchu.net\/index.php\/wp-json\/wp\/v2\/categories?post=4571"},{"taxonomy":"post_tag","embeddable":true,"href":"https:\/\/klubolimpijczyka.duchu.net\/index.php\/wp-json\/wp\/v2\/tags?post=4571"}],"curies":[{"name":"wp","href":"https:\/\/api.w.org\/{rel}","templated":true}]}}