{"id":457,"date":"2017-07-30T17:13:59","date_gmt":"2017-07-30T17:13:59","guid":{"rendered":"https:\/\/klubolimpijczyka-nowa.duchu.net\/?p=457"},"modified":"2024-03-28T22:25:19","modified_gmt":"2024-03-28T22:25:19","slug":"27-bieg-powstania-warszawskiego-29072017-457","status":"publish","type":"post","link":"https:\/\/klubolimpijczyka.duchu.net\/index.php\/2017\/07\/30\/27-bieg-powstania-warszawskiego-29072017-457\/","title":{"rendered":"27. Bieg Powstania Warszawskiego, 29.07.2017"},"content":{"rendered":"<p><b>Z Iz\u0105 w roli g\u0142\u00f3wnej<\/b><\/p>\n<p>Tysi\u0105ce p\u0142on\u0105cych zniczy, mrok, minuta ciszy i patriotyczna Rota. W takiej oprawie rozpocz\u0105\u0142 si\u0119 27. Bieg Powstania Warszawskiego, w dniu 29 lipca 2017 r. Ta wyj\u0105tkowa impreza powsta\u0142a, by uczci\u0107 rocznic\u0119 wydarze\u0144 sprzed ponad 70 lat. Trasa biegu poprowadzi\u0142a w rejonach, w kt\u00f3rych by\u0142y prowadzone najbardziej spektakularne walki powsta\u0144cze.  W kilku punktach zainscenizowane by\u0142y, przez Grup\u0119 Rekonstrukcji Historycznej \u201eRados\u0142aw\u201d  sceny z Powstania Warszawskiego. Go\u015b\u0107mi honorowymi Biegu byli kombatanci &#8211; powsta\u0144cy warszawscy, a kulminacyjny odcinek przed met\u0105 o\u015bwietlony by\u0142 p\u0142on\u0105cymi zniczami. Ponadto wszyscy biegacze pokonywali tras\u0119 z bia\u0142o-czerwonymi opaskami na ramieniu i znakiem Polski Walcz\u0105cej, oddaj\u0105c tym samym ho\u0142d wszystkim uczestnikom tamtych wydarze\u0144. Bieg na dystansie 5 km rozpocz\u0105\u0142 si\u0119 o godzinie 20.00, a na 10 km o 21.00. W\u015br\u00f3d niemal 11 tys. biegaczy-grupa z Terespola.<br \/><b> Najja\u015bniejsz\u0105 gwiazd\u0105 wieczoru by\u0142a Iza Trzaskalska, kt\u00f3ra wygra\u0142a z czasem 33,51 (przegra\u0142a tylko z 10 m\u0119\u017cczyznami!).<\/b> Bezpo\u015brednio po biegu uda\u0142a si\u0119 na ob\u00f3z do Spa\u0142y, gdzie przygotowuje si\u0119 do M\u015a w Londynie. Bieg uko\u0144czyli r\u00f3wnie\u017c: Aleksandra Kotowska, Agnieszka Marchlewska, Katarzyna Tabulska, Dawid Rafa\u0142ko, Jaros\u0142aw Pucer  i Krystyna Pucer. Upami\u0119tnili\u015bmy na sportowo to wa\u017cne wydarzenie historyczne i pomogli\u015bmy 17 &#8211; letniej Julii. Nasze zaanga\u017cowanie zostanie przeliczone na konkretn\u0105 pomoc. Fundacja PKO BP przeka\u017ce darowizn\u0119 na operacj\u0119 serca.<\/p>\n\n\n<figure class=\"wp-block-gallery has-nested-images columns-default is-cropped wp-block-gallery-1 is-layout-flex wp-block-gallery-is-layout-flex\">\n<figure class=\"wp-block-image size-large\"><img loading=\"lazy\" decoding=\"async\" width=\"991\" height=\"768\" data-id=\"1874\" src=\"https:\/\/klubolimpijczyka-nowa.duchu.net\/wp-content\/uploads\/2024\/03\/1-1.jpg\" alt=\"\" class=\"wp-image-1874\" srcset=\"https:\/\/klubolimpijczyka.duchu.net\/wp-content\/uploads\/2024\/03\/1-1.jpg 991w, https:\/\/klubolimpijczyka.duchu.net\/wp-content\/uploads\/2024\/03\/1-1-300x232.jpg 300w, https:\/\/klubolimpijczyka.duchu.net\/wp-content\/uploads\/2024\/03\/1-1-768x595.jpg 768w, https:\/\/klubolimpijczyka.duchu.net\/wp-content\/uploads\/2024\/03\/1-1-660x511.jpg 660w\" sizes=\"auto, (max-width: 991px) 100vw, 991px\" \/><\/figure>\n\n\n\n<figure class=\"wp-block-image size-large\"><img loading=\"lazy\" decoding=\"async\" width=\"1024\" height=\"768\" data-id=\"1876\" src=\"https:\/\/klubolimpijczyka-nowa.duchu.net\/wp-content\/uploads\/2024\/03\/DSCN0773-1.jpg\" alt=\"\" class=\"wp-image-1876\" srcset=\"https:\/\/klubolimpijczyka.duchu.net\/wp-content\/uploads\/2024\/03\/DSCN0773-1.jpg 1024w, https:\/\/klubolimpijczyka.duchu.net\/wp-content\/uploads\/2024\/03\/DSCN0773-1-300x225.jpg 300w, https:\/\/klubolimpijczyka.duchu.net\/wp-content\/uploads\/2024\/03\/DSCN0773-1-768x576.jpg 768w, https:\/\/klubolimpijczyka.duchu.net\/wp-content\/uploads\/2024\/03\/DSCN0773-1-660x495.jpg 660w\" sizes=\"auto, (max-width: 1024px) 100vw, 1024px\" \/><\/figure>\n\n\n\n<figure class=\"wp-block-image size-large\"><img loading=\"lazy\" decoding=\"async\" width=\"1024\" height=\"768\" data-id=\"1875\" src=\"https:\/\/klubolimpijczyka-nowa.duchu.net\/wp-content\/uploads\/2024\/03\/DSCN0784-1.jpg\" alt=\"\" class=\"wp-image-1875\" srcset=\"https:\/\/klubolimpijczyka.duchu.net\/wp-content\/uploads\/2024\/03\/DSCN0784-1.jpg 1024w, https:\/\/klubolimpijczyka.duchu.net\/wp-content\/uploads\/2024\/03\/DSCN0784-1-300x225.jpg 300w, https:\/\/klubolimpijczyka.duchu.net\/wp-content\/uploads\/2024\/03\/DSCN0784-1-768x576.jpg 768w, https:\/\/klubolimpijczyka.duchu.net\/wp-content\/uploads\/2024\/03\/DSCN0784-1-660x495.jpg 660w\" sizes=\"auto, (max-width: 1024px) 100vw, 1024px\" \/><\/figure>\n<\/figure>\n","protected":false},"excerpt":{"rendered":"<p>Z Iz\u0105 w roli g\u0142\u00f3wnej Tysi\u0105ce p\u0142on\u0105cych zniczy, mrok, minuta ciszy i patriotyczna Rota. W takiej oprawie rozpocz\u0105\u0142 si\u0119 27. Bieg Powstania Warszawskiego, w dniu 29 lipca 2017 r. Ta wyj\u0105tkowa impreza powsta\u0142a, by uczci\u0107 rocznic\u0119 wydarze\u0144 sprzed ponad 70 lat. Trasa biegu poprowadzi\u0142a w rejonach, w kt\u00f3rych by\u0142y prowadzone najbardziej spektakularne walki powsta\u0144cze. W\u2026 <span class=\"read-more\"><a href=\"https:\/\/klubolimpijczyka.duchu.net\/index.php\/2017\/07\/30\/27-bieg-powstania-warszawskiego-29072017-457\/\">Czytaj dalej &raquo;<\/a><\/span><\/p>\n","protected":false},"author":2,"featured_media":0,"comment_status":"open","ping_status":"open","sticky":false,"template":"","format":"standard","meta":{"footnotes":""},"categories":[1],"tags":[],"class_list":["post-457","post","type-post","status-publish","format-standard","hentry","category-uncategorized"],"_links":{"self":[{"href":"https:\/\/klubolimpijczyka.duchu.net\/index.php\/wp-json\/wp\/v2\/posts\/457","targetHints":{"allow":["GET"]}}],"collection":[{"href":"https:\/\/klubolimpijczyka.duchu.net\/index.php\/wp-json\/wp\/v2\/posts"}],"about":[{"href":"https:\/\/klubolimpijczyka.duchu.net\/index.php\/wp-json\/wp\/v2\/types\/post"}],"author":[{"embeddable":true,"href":"https:\/\/klubolimpijczyka.duchu.net\/index.php\/wp-json\/wp\/v2\/users\/2"}],"replies":[{"embeddable":true,"href":"https:\/\/klubolimpijczyka.duchu.net\/index.php\/wp-json\/wp\/v2\/comments?post=457"}],"version-history":[{"count":1,"href":"https:\/\/klubolimpijczyka.duchu.net\/index.php\/wp-json\/wp\/v2\/posts\/457\/revisions"}],"predecessor-version":[{"id":1877,"href":"https:\/\/klubolimpijczyka.duchu.net\/index.php\/wp-json\/wp\/v2\/posts\/457\/revisions\/1877"}],"wp:attachment":[{"href":"https:\/\/klubolimpijczyka.duchu.net\/index.php\/wp-json\/wp\/v2\/media?parent=457"}],"wp:term":[{"taxonomy":"category","embeddable":true,"href":"https:\/\/klubolimpijczyka.duchu.net\/index.php\/wp-json\/wp\/v2\/categories?post=457"},{"taxonomy":"post_tag","embeddable":true,"href":"https:\/\/klubolimpijczyka.duchu.net\/index.php\/wp-json\/wp\/v2\/tags?post=457"}],"curies":[{"name":"wp","href":"https:\/\/api.w.org\/{rel}","templated":true}]}}