{"id":4564,"date":"2025-08-19T06:26:05","date_gmt":"2025-08-19T06:26:05","guid":{"rendered":"https:\/\/klubolimpijczyka.duchu.net\/?p=4564"},"modified":"2025-08-19T06:32:52","modified_gmt":"2025-08-19T06:32:52","slug":"regulamin-v-biegu-im-gen-dyw-franciszka-krajowskiego","status":"publish","type":"post","link":"https:\/\/klubolimpijczyka.duchu.net\/index.php\/2025\/08\/19\/regulamin-v-biegu-im-gen-dyw-franciszka-krajowskiego\/","title":{"rendered":"Regulamin V Biegu im. gen. dyw. Franciszka Krajowskiego"},"content":{"rendered":"\n<p><br>I. ORGANIZATOR: Miejskie Centrum Kultury Sportu i Rekreacji w Terespolu. <br>II. PARTNER: Klub Olimpijczyka dzia\u0142aj\u0105cy przy Akademickim Liceum Og\u00f3lnokszta\u0142c\u0105cym w Terespolu.<br> III. CEL IMPREZY: &#8211; upami\u0119tnienie postaci gen. dyw. Franciszka Krajowskiego, &#8211; upowszechnianie biegania jako najprostszej formy ruchu, &#8211; promocja aktywno\u015bci fizycznej w\u015br\u00f3d mieszka\u0144c\u00f3w Terespola, &#8211; promocja Terespola, &#8211; upowszechnianie prozdrowotnych wzorc\u00f3w zachowa\u0144. <br>IV. TERMIN I MIEJSCE: &#8211; <strong>bieg odb\u0119dzie si\u0119 w dniu 30 sierpnia 2025 roku w Terespolu. &#8211; dystans ok. 1200 m. &#8211; start i meta \u2013 stadion miejski, ul. Wojska Polskiego 217.<br>Program imprezy: 14:25 &#8211; oficjalne otwarcie biegu, 14:30 &#8211; start biegu na dystansie ok. 1200 m.<\/strong> <br>V. ZASADY UCZESTNICTWA: &#8211; warunkiem uczestnictwa jest zapisanie si\u0119 u organizatora do 25 sierpnia 2025 oraz dostarczenie do organizatora wype\u0142nionej i podpisanej zgody na udzia\u0142 w biegu do dnia 28 sierpnia br.<\/p>\n\n\n\n<ul class=\"wp-block-list\">\n<li>w imieniu os\u00f3b niepe\u0142noletnich dokonuj\u0105 tego ich rodzice\/ opiekunowie prawni.<br>Zgod\u0119 mo\u017cna pobra\u0107 ze stron: www: www.mokterespol.naszbip.pl\/regulaminy<br>lub osobi\u015bcie w MCKSIR, ul. Sienkiewicza 27 w godzinach 8:00-20:00 od poniedzia\u0142ku do<br>pi\u0105tku. <br>VI. ZG\u0141OSZENIA: &#8211; zg\u0142oszenia na bieg przyjmowane s\u0105 osobi\u015bcie, telefonicznie lub e-mailem w Wydziale Sportu i Rekreacji Miejskiego Centrum Kultury, Sportu i Rekreacji, ul. Sienkiewicza 27, 21-550 Terespol, tel: 510 991 765, e-mail: mcksir@terespol.pl w godzinach 8:00-20:00 od poniedzia\u0142ku do pi\u0105tku. Osoba odpowiedzialna &#8211; kierownik Wydzia\u0142u Wojciech Machnowski <br>VII. NAGRODY: &#8211; 50 pierwszych os\u00f3b zapisanych na bieg, kt\u00f3re go uko\u0144cz\u0105, otrzymaj\u0105 pami\u0105tkowy medal i dyplom. <br>VIII. POSTANOWIENIA KO\u0143COWE: &#8211; bieg zostanie rozegrany zgodnie z zasadami fair play,<\/li>\n\n\n\n<li>uczestniczki\/\u00f3w biegu obowi\u0105zuje niniejszy regulamin, &#8211; organizator nie zapewnia uczestniczkom\/kom biegu grupowego ubezpieczenia NNW,<\/li>\n\n\n\n<li>organizator zastrzega sobie prawo do zmiany terminu biegu lub odwo\u0142ania biegu z wa\u017cnych<br>przyczyn niemo\u017cliwych do przewidzenia, w szczeg\u00f3lno\u015bci w przypadku wyst\u0105pienia<br>zdarze\u0144 zagra\u017caj\u0105cych bezpiecze\u0144stwu, \u017cyciu lub zdrowiu uczestniczek\/\u00f3w oraz wydania<br>decyzji organu administracji \u2013 niezale\u017cnie od formy tej decyzji \u2013 skutkuj\u0105cej konieczno\u015bci\u0105<br>odwo\u0142ania biegu.<\/li>\n\n\n\n<li>organizator nie zapewnia uczestniczkom\/kom biegu jakiegokolwiek ubezpieczenia na \u017cycie,<br>zdrowotnego, odpowiedzialno\u015bci cywilnej z tytu\u0142u choroby, wypadku, odniesienia obra\u017ce\u0144,<br>\u015bmierci, szk\u00f3d, jakie mog\u0105 wyst\u0105pi\u0107 w zwi\u0105zku z obecno\u015bci\u0105 lub udzia\u0142em uczestnika w<br>biegu, a tak\u017ce nie ponosi z tego tytu\u0142u odpowiedzialno\u015bci. &#8211; w sprawach nieobj\u0119tych regulaminem rozstrzyga organizator.<br>Organizator<br><br><strong>ZGODA<br>OSOBY PE\u0141NOLETNIEJ<br>ORAZ O\u015aWIADCZENIE RODZICA\/OPIEKUNA\/KI PRAWNEGO\/EJ<\/strong><br>na udzia\u0142 (sw\u00f3j\/dziecka\/podopiecznego\/ej)<br>w V Biegu im. gen. dyw. Franciszka Krajowskiego<br>Terespol 30.08.2025, start godzina 14:30.<\/li>\n<\/ul>\n\n\n\n<ol class=\"wp-block-list\">\n<li>Ja ni\u017cej podpisana(y) wyra\u017cam zgod\u0119 na udzia\u0142 sw\u00f3j\/swojego dziecka\/podopiecznego\/ej:<br>Imi\u0119 i nazwisko: \u2026\u2026\u2026\u2026\u2026\u2026\u2026\u2026\u2026\u2026\u2026\u2026\u2026\u2026\u2026\u2026\u2026\u2026\u2026\u2026\u2026\u2026\u2026\u2026\u2026\u2026\u2026\u2026\u2026\u2026\u2026\u2026\u2026\u2026\u2026\u2026\u2026\u2026\u2026\u2026<br>Data urodzenia: \u2026\u2026\u2026\u2026\u2026\u2026\u2026\u2026\u2026\u2026\u2026\u2026\u2026\u2026\u2026\u2026\u2026\u2026\u2026\u2026..\u2026\u2026\u2026\u2026\u2026\u2026\u2026\u2026\u2026\u2026\u2026\u2026\u2026\u2026\u2026\u2026\u2026\u2026\u2026..<br>Miejsce zamieszkania: \u2026\u2026\u2026\u2026\u2026\u2026\u2026\u2026\u2026\u2026\u2026\u2026\u2026\u2026\u2026\u2026\u2026\u2026\u2026\u2026\u2026\u2026\u2026\u2026\u2026\u2026\u2026\u2026..\u2026\u2026\u2026\u2026\u2026\u2026\u2026\u2026<br>Numer telefonu: \u2026\u2026\u2026\u2026\u2026\u2026\u2026\u2026\u2026\u2026\u2026\u2026\u2026\u2026\u2026\u2026\u2026\u2026\u2026 Adres e-mail: \u2026\u2026\u2026\u2026\u2026\u2026\u2026\u2026\u2026\u2026\u2026\u2026.<br>w V Biegu imienia gen. dyw. Franciszka Krajowskiego w dniu 30.08.2023 r. organizowanego przez Miejskie Centrum Kultury, Sportu Rekreacji w Terespolu.<br>O \u015a W I A D C Z A M, \u017bE:<\/li>\n<\/ol>\n\n\n\n<ul class=\"wp-block-list\">\n<li> stan zdrowia m\u00f3j\/mojego dziecka\/podopiecznego\/ej pozwala na uczestniczenie w biegu.<\/li>\n\n\n\n<li>rozwa\u017cy\u0142em\/am i oceni\u0142em\/am charakter, zakres i stopie\u0144 ryzyka wi\u0105\u017c\u0105cego si\u0119 z uczestnictwem w biegu, w tym zagro\u017cenie wypadkami, mo\u017cliwo\u015b\u0107 odniesienia obra\u017ce\u0144 cia\u0142a oraz uraz\u00f3w fizycznych, a tak\u017ce szk\u00f3d o charakterze maj\u0105tkowym i dobrowolnie zdecydowa\u0142em\/am si\u0119 podj\u0105\u0107 to ryzyko,<\/li>\n\n\n\n<li>zapozna\u0142em\/am si\u0119 z Regulaminem biegu umieszczonym na stronie: http:\/\/mokterespol.com\/ w zak\u0142adce Pliki.<\/li>\n\n\n\n<li>zapozna\u0142em\/am si\u0119 z Klauzul\u0105 RODO MCKSiR w Terespolu umieszczon\u0105 na stronie internetowej: www.mokterespol.naszbip.pl\/klauzule-informacyjne,<\/li>\n\n\n\n<li>wyra\u017cam zgod\u0119 na przetwarzanie danych osobowych (moich, mojego dziecka\/ podopiecznego\/ej) zawartych w niniejszym zezwoleniu przez Administratora Danych Osobowych, kt\u00f3rym jest dyrektorka Miejskiego Centrum Kultury, Sportu i Rekreacji w Terespolu, w celach i zakresie niezb\u0119dnym do realizacji biegu,<\/li>\n\n\n\n<li>wyra\u017cam zgod\u0119 na rejestrowanie wizerunku (mojego\/mojego dziecka\/podopiecznego\/ej) w celu jego umieszczenia i publikowania: na stronie internetowej MCKSiR http:\/\/mokterespol.com\/, portalach spo\u0142eczno\u015bciowych MCKSiR i lokalnych mediach. Wizerunek b\u0119dzie przetwarzany w celach promocyjnych MCKSiR w Terespolu,<\/li>\n\n\n\n<li>o\u015bwiadczam, \u017ce jestem pe\u0142noletni\/a, mam zdolno\u015bci do czynno\u015bci prawnych, zapozna\u0142em\/am si\u0119 z powy\u017csz\u0105 tre\u015bci\u0105 i w pe\u0142ni j\u0105 rozumiem.<br>\u2026\u2026\u2026\u2026\u2026\u2026\u2026\u2026\u2026\u2026\u2026\u2026\u2026\u2026\u2026\u2026\u2026\u2026..\u2026\u2026\u2026\u2026\u2026\u2026\u2026\u2026\u2026\u2026.<br>(czytelny podpis uczestnika\/czki rodzica\/prawnego\/ej opiekuna\/ki)<\/li>\n\n\n\n<li>Niepotrzebne skre\u015bli\u0107<\/li>\n<\/ul>\n","protected":false},"excerpt":{"rendered":"<p>I. ORGANIZATOR: Miejskie Centrum Kultury Sportu i Rekreacji w Terespolu. II. PARTNER: Klub Olimpijczyka dzia\u0142aj\u0105cy przy Akademickim Liceum Og\u00f3lnokszta\u0142c\u0105cym w Terespolu. III. CEL IMPREZY: &#8211; upami\u0119tnienie postaci gen. dyw. Franciszka Krajowskiego, &#8211; upowszechnianie biegania jako najprostszej formy ruchu, &#8211; promocja aktywno\u015bci fizycznej w\u015br\u00f3d mieszka\u0144c\u00f3w Terespola, &#8211; promocja Terespola, &#8211; upowszechnianie prozdrowotnych wzorc\u00f3w zachowa\u0144. IV. TERMIN\u2026 <span class=\"read-more\"><a href=\"https:\/\/klubolimpijczyka.duchu.net\/index.php\/2025\/08\/19\/regulamin-v-biegu-im-gen-dyw-franciszka-krajowskiego\/\">Czytaj dalej &raquo;<\/a><\/span><\/p>\n","protected":false},"author":2,"featured_media":0,"comment_status":"open","ping_status":"open","sticky":false,"template":"","format":"standard","meta":{"footnotes":""},"categories":[2,20],"tags":[],"class_list":["post-4564","post","type-post","status-publish","format-standard","hentry","category-biegi","category-pamieci"],"_links":{"self":[{"href":"https:\/\/klubolimpijczyka.duchu.net\/index.php\/wp-json\/wp\/v2\/posts\/4564","targetHints":{"allow":["GET"]}}],"collection":[{"href":"https:\/\/klubolimpijczyka.duchu.net\/index.php\/wp-json\/wp\/v2\/posts"}],"about":[{"href":"https:\/\/klubolimpijczyka.duchu.net\/index.php\/wp-json\/wp\/v2\/types\/post"}],"author":[{"embeddable":true,"href":"https:\/\/klubolimpijczyka.duchu.net\/index.php\/wp-json\/wp\/v2\/users\/2"}],"replies":[{"embeddable":true,"href":"https:\/\/klubolimpijczyka.duchu.net\/index.php\/wp-json\/wp\/v2\/comments?post=4564"}],"version-history":[{"count":2,"href":"https:\/\/klubolimpijczyka.duchu.net\/index.php\/wp-json\/wp\/v2\/posts\/4564\/revisions"}],"predecessor-version":[{"id":4570,"href":"https:\/\/klubolimpijczyka.duchu.net\/index.php\/wp-json\/wp\/v2\/posts\/4564\/revisions\/4570"}],"wp:attachment":[{"href":"https:\/\/klubolimpijczyka.duchu.net\/index.php\/wp-json\/wp\/v2\/media?parent=4564"}],"wp:term":[{"taxonomy":"category","embeddable":true,"href":"https:\/\/klubolimpijczyka.duchu.net\/index.php\/wp-json\/wp\/v2\/categories?post=4564"},{"taxonomy":"post_tag","embeddable":true,"href":"https:\/\/klubolimpijczyka.duchu.net\/index.php\/wp-json\/wp\/v2\/tags?post=4564"}],"curies":[{"name":"wp","href":"https:\/\/api.w.org\/{rel}","templated":true}]}}