{"id":412,"date":"2016-04-16T08:49:42","date_gmt":"2016-04-16T08:49:42","guid":{"rendered":"https:\/\/klubolimpijczyka-nowa.duchu.net\/?p=412"},"modified":"2025-03-11T12:46:50","modified_gmt":"2025-03-11T12:46:50","slug":"w-terespolu-uczcili-biegajac-412","status":"publish","type":"post","link":"https:\/\/klubolimpijczyka.duchu.net\/index.php\/2016\/04\/16\/w-terespolu-uczcili-biegajac-412\/","title":{"rendered":"W Terespolu uczcili biegaj\u0105c"},"content":{"rendered":"<p><b><\/b><\/p>\n\n\n<figure class=\"wp-block-gallery has-nested-images columns-default is-cropped wp-block-gallery-1 is-layout-flex wp-block-gallery-is-layout-flex\">\n<figure class=\"wp-block-image size-large\"><img loading=\"lazy\" decoding=\"async\" width=\"640\" height=\"424\" data-id=\"2139\" src=\"https:\/\/klubolimpijczyka-nowa.duchu.net\/wp-content\/uploads\/2024\/03\/11.jpg\" alt=\"\" class=\"wp-image-2139\" srcset=\"https:\/\/klubolimpijczyka.duchu.net\/wp-content\/uploads\/2024\/03\/11.jpg 640w, https:\/\/klubolimpijczyka.duchu.net\/wp-content\/uploads\/2024\/03\/11-300x199.jpg 300w\" sizes=\"auto, (max-width: 640px) 100vw, 640px\" \/><\/figure>\n\n\n\n<figure class=\"wp-block-image size-large\"><img loading=\"lazy\" decoding=\"async\" width=\"640\" height=\"424\" data-id=\"2141\" src=\"https:\/\/klubolimpijczyka-nowa.duchu.net\/wp-content\/uploads\/2024\/03\/12.jpg\" alt=\"\" class=\"wp-image-2141\" srcset=\"https:\/\/klubolimpijczyka.duchu.net\/wp-content\/uploads\/2024\/03\/12.jpg 640w, https:\/\/klubolimpijczyka.duchu.net\/wp-content\/uploads\/2024\/03\/12-300x199.jpg 300w\" sizes=\"auto, (max-width: 640px) 100vw, 640px\" \/><\/figure>\n\n\n\n<figure class=\"wp-block-image size-large\"><img loading=\"lazy\" decoding=\"async\" width=\"640\" height=\"424\" data-id=\"2147\" src=\"https:\/\/klubolimpijczyka-nowa.duchu.net\/wp-content\/uploads\/2024\/03\/13.jpg\" alt=\"\" class=\"wp-image-2147\" srcset=\"https:\/\/klubolimpijczyka.duchu.net\/wp-content\/uploads\/2024\/03\/13.jpg 640w, https:\/\/klubolimpijczyka.duchu.net\/wp-content\/uploads\/2024\/03\/13-300x199.jpg 300w\" sizes=\"auto, (max-width: 640px) 100vw, 640px\" \/><\/figure>\n\n\n\n<figure class=\"wp-block-image size-large\"><img loading=\"lazy\" decoding=\"async\" width=\"640\" height=\"424\" data-id=\"2145\" src=\"https:\/\/klubolimpijczyka-nowa.duchu.net\/wp-content\/uploads\/2024\/03\/14.jpg\" alt=\"\" class=\"wp-image-2145\" srcset=\"https:\/\/klubolimpijczyka.duchu.net\/wp-content\/uploads\/2024\/03\/14.jpg 640w, https:\/\/klubolimpijczyka.duchu.net\/wp-content\/uploads\/2024\/03\/14-300x199.jpg 300w\" sizes=\"auto, (max-width: 640px) 100vw, 640px\" \/><\/figure>\n\n\n\n<figure class=\"wp-block-image size-large\"><img loading=\"lazy\" decoding=\"async\" width=\"640\" height=\"424\" data-id=\"2140\" src=\"https:\/\/klubolimpijczyka-nowa.duchu.net\/wp-content\/uploads\/2024\/03\/15.jpg\" alt=\"\" class=\"wp-image-2140\" srcset=\"https:\/\/klubolimpijczyka.duchu.net\/wp-content\/uploads\/2024\/03\/15.jpg 640w, https:\/\/klubolimpijczyka.duchu.net\/wp-content\/uploads\/2024\/03\/15-300x199.jpg 300w\" sizes=\"auto, (max-width: 640px) 100vw, 640px\" \/><\/figure>\n\n\n\n<figure class=\"wp-block-image size-large\"><img loading=\"lazy\" decoding=\"async\" width=\"640\" height=\"424\" data-id=\"2144\" src=\"https:\/\/klubolimpijczyka-nowa.duchu.net\/wp-content\/uploads\/2024\/03\/16.jpg\" alt=\"\" class=\"wp-image-2144\" srcset=\"https:\/\/klubolimpijczyka.duchu.net\/wp-content\/uploads\/2024\/03\/16.jpg 640w, https:\/\/klubolimpijczyka.duchu.net\/wp-content\/uploads\/2024\/03\/16-300x199.jpg 300w\" sizes=\"auto, (max-width: 640px) 100vw, 640px\" \/><\/figure>\n\n\n\n<figure class=\"wp-block-image size-large\"><img loading=\"lazy\" decoding=\"async\" width=\"640\" height=\"424\" data-id=\"2146\" src=\"https:\/\/klubolimpijczyka-nowa.duchu.net\/wp-content\/uploads\/2024\/03\/17.jpg\" alt=\"\" class=\"wp-image-2146\" srcset=\"https:\/\/klubolimpijczyka.duchu.net\/wp-content\/uploads\/2024\/03\/17.jpg 640w, https:\/\/klubolimpijczyka.duchu.net\/wp-content\/uploads\/2024\/03\/17-300x199.jpg 300w\" sizes=\"auto, (max-width: 640px) 100vw, 640px\" \/><\/figure>\n\n\n\n<figure class=\"wp-block-image size-large\"><img loading=\"lazy\" decoding=\"async\" width=\"640\" height=\"424\" data-id=\"2142\" src=\"https:\/\/klubolimpijczyka-nowa.duchu.net\/wp-content\/uploads\/2024\/03\/18.jpg\" alt=\"\" class=\"wp-image-2142\" srcset=\"https:\/\/klubolimpijczyka.duchu.net\/wp-content\/uploads\/2024\/03\/18.jpg 640w, https:\/\/klubolimpijczyka.duchu.net\/wp-content\/uploads\/2024\/03\/18-300x199.jpg 300w\" sizes=\"auto, (max-width: 640px) 100vw, 640px\" \/><\/figure>\n\n\n\n<figure class=\"wp-block-image size-large\"><img loading=\"lazy\" decoding=\"async\" width=\"640\" height=\"424\" data-id=\"2143\" src=\"https:\/\/klubolimpijczyka-nowa.duchu.net\/wp-content\/uploads\/2024\/03\/dsc_0874.jpg\" alt=\"\" class=\"wp-image-2143\" srcset=\"https:\/\/klubolimpijczyka.duchu.net\/wp-content\/uploads\/2024\/03\/dsc_0874.jpg 640w, https:\/\/klubolimpijczyka.duchu.net\/wp-content\/uploads\/2024\/03\/dsc_0874-300x199.jpg 300w\" sizes=\"auto, (max-width: 640px) 100vw, 640px\" \/><\/figure>\n<\/figure>\n\n\n\n<p><strong>Biegaj\u0105c Uczcili Pami\u0119\u0107 Olimpijczyk\u00f3w Zamordowanych w Katyniu<\/strong><br>497 zawodnik\u00f3w uko\u0144czy\u0142o VIII Katy\u0144skie Powiatowe Biegi Prze\u0142ajowe 15 kwietnia 2016 r. w Terespolu. Uroczyste otwarcie odby\u0142o si\u0119 zgodnie z ceremonia\u0142em olimpijskim. Flag\u0119 olimpijsk\u0105 wnie\u015bli reprezentanci Polski w eisstocka: Wioleta St\u0119pie\u0144, Kuba \u017bukowski, Ewelina Stefanowicz i Bartek Wi\u015bniewski. Medali\u015bci Mistrzostw Polski w Podnoszeniu Ci\u0119\u017car\u00f3w: Kacper Magielnicki i Mateusz Skulimowski w sztafecie przekazali ogie\u0144 olimpijce, Gra\u017cynie Rabsztyn, a ta zapali\u0142a znicz olimpijski. Apel Olimpijski odczyta\u0142 Wicemistrz Europy w Podnoszeniu Ci\u0119\u017car\u00f3w, Mateusz Skulimowski.<br>Przy d\u017awi\u0119kach werbli (Szymon Piku\u0142a, Filip Szulc, Mateusz Martyniuk) odby\u0142 si\u0119 przejmuj\u0105cy Apel Poleg\u0142ych czcz\u0105cy pami\u0119\u0107 olimpijczyk\u00f3w zamordowanych w Katyniu. Ich list\u0119 odczyta\u0142 Tomasz G\u00f3jski. Zebrani minut\u0105 ciszy uczcili pami\u0119\u0107 tragicznie zmar\u0142ego podczas katastrofy pod Smole\u0144skiem Prezesa PKOL, Piotra Nurowskiego. Zawody oficjalnie otworzy\u0142a trzykrotna olimpijka, Gra\u017cyna Rabsztyn, kt\u00f3ra dokona\u0142a r\u00f3wnie\u017c uroczystego wpisu do kroniki Klubu Olimpijczyka.<br>Organizatorzy wr\u0119czyli wyr\u00f3\u017cnienia w konkursie plastycznym promuj\u0105cym IO w Rio de Janeiro. Pierwszy strza\u0142\u2026 i ruszy\u0142o radosne bieganie. W s\u0142o\u0144cu, w otoczeniu pi\u0119knie do \u017cycia budz\u0105cej si\u0119 przyrody walczyli zawodnicy w 15 biegach. Najlepsi otrzymali dyplomy, medale i nagrody rzeczowe. Sponsorami zawod\u00f3w byli: Urz\u0105d Miasta Terespol i Starostwo Powiatowe w Bia\u0142ej Podlaskiej. Organizatorem zawod\u00f3w by\u0142 Klub Olimpijczyka przy ZSO nr 1 w Terespolu przy znacznej pomocy m\u0142odzie\u017cy liceum w Terespolu, oraz BSZS w Bia\u0142ej Podlaskiej.<br>Tradycyjnie organizatorzy zapewnili obecno\u015b\u0107 sportowca z \u201enajwy\u017cszej p\u00f3\u0142ki\u201d. Swoj\u0105 obecno\u015bci\u0105 zaszczyci\u0142a czo\u0142owa p\u0142otkarka \u015bwiata lat siedemdziesi\u0105tych, zwyci\u0119\u017cczyni Pucharu \u015awiata (1977, 1979), Halowa Mistrzyni Europy (1974, 1975), trzykrotna olimpijka (1972, 1976, 1980),trzykrotna rekordzistka \u015awiata w biegu na 100 m pp\u0142.<\/p>\n","protected":false},"excerpt":{"rendered":"<p>Biegaj\u0105c Uczcili Pami\u0119\u0107 Olimpijczyk\u00f3w Zamordowanych w Katyniu497 zawodnik\u00f3w uko\u0144czy\u0142o VIII Katy\u0144skie Powiatowe Biegi Prze\u0142ajowe 15 kwietnia 2016 r. w Terespolu. Uroczyste otwarcie odby\u0142o si\u0119 zgodnie z ceremonia\u0142em olimpijskim. Flag\u0119 olimpijsk\u0105 wnie\u015bli reprezentanci Polski w eisstocka: Wioleta St\u0119pie\u0144, Kuba \u017bukowski, Ewelina Stefanowicz i Bartek Wi\u015bniewski. Medali\u015bci Mistrzostw Polski w Podnoszeniu Ci\u0119\u017car\u00f3w: Kacper Magielnicki i Mateusz Skulimowski\u2026 <span class=\"read-more\"><a href=\"https:\/\/klubolimpijczyka.duchu.net\/index.php\/2016\/04\/16\/w-terespolu-uczcili-biegajac-412\/\">Czytaj dalej &raquo;<\/a><\/span><\/p>\n","protected":false},"author":2,"featured_media":0,"comment_status":"open","ping_status":"open","sticky":false,"template":"","format":"standard","meta":{"footnotes":""},"categories":[1],"tags":[],"class_list":["post-412","post","type-post","status-publish","format-standard","hentry","category-uncategorized"],"_links":{"self":[{"href":"https:\/\/klubolimpijczyka.duchu.net\/index.php\/wp-json\/wp\/v2\/posts\/412","targetHints":{"allow":["GET"]}}],"collection":[{"href":"https:\/\/klubolimpijczyka.duchu.net\/index.php\/wp-json\/wp\/v2\/posts"}],"about":[{"href":"https:\/\/klubolimpijczyka.duchu.net\/index.php\/wp-json\/wp\/v2\/types\/post"}],"author":[{"embeddable":true,"href":"https:\/\/klubolimpijczyka.duchu.net\/index.php\/wp-json\/wp\/v2\/users\/2"}],"replies":[{"embeddable":true,"href":"https:\/\/klubolimpijczyka.duchu.net\/index.php\/wp-json\/wp\/v2\/comments?post=412"}],"version-history":[{"count":3,"href":"https:\/\/klubolimpijczyka.duchu.net\/index.php\/wp-json\/wp\/v2\/posts\/412\/revisions"}],"predecessor-version":[{"id":4285,"href":"https:\/\/klubolimpijczyka.duchu.net\/index.php\/wp-json\/wp\/v2\/posts\/412\/revisions\/4285"}],"wp:attachment":[{"href":"https:\/\/klubolimpijczyka.duchu.net\/index.php\/wp-json\/wp\/v2\/media?parent=412"}],"wp:term":[{"taxonomy":"category","embeddable":true,"href":"https:\/\/klubolimpijczyka.duchu.net\/index.php\/wp-json\/wp\/v2\/categories?post=412"},{"taxonomy":"post_tag","embeddable":true,"href":"https:\/\/klubolimpijczyka.duchu.net\/index.php\/wp-json\/wp\/v2\/tags?post=412"}],"curies":[{"name":"wp","href":"https:\/\/api.w.org\/{rel}","templated":true}]}}