{"id":4017,"date":"2024-09-30T16:28:09","date_gmt":"2024-09-30T16:28:09","guid":{"rendered":"https:\/\/klubolimpijczyka.duchu.net\/?p=4017"},"modified":"2024-10-16T20:05:44","modified_gmt":"2024-10-16T20:05:44","slug":"chlopcy-alo-w-terespolu-mistrzami-powiatu","status":"publish","type":"post","link":"https:\/\/klubolimpijczyka.duchu.net\/index.php\/2024\/09\/30\/chlopcy-alo-w-terespolu-mistrzami-powiatu\/","title":{"rendered":"Ch\u0142opcy ALO w Terespolu Mistrzami Powiatu!"},"content":{"rendered":"\n<figure class=\"wp-block-image size-full\"><img loading=\"lazy\" decoding=\"async\" width=\"512\" height=\"575\" src=\"https:\/\/klubolimpijczyka.duchu.net\/wp-content\/uploads\/2024\/09\/IMG_1999-1.jpg\" alt=\"\" class=\"wp-image-4018\" srcset=\"https:\/\/klubolimpijczyka.duchu.net\/wp-content\/uploads\/2024\/09\/IMG_1999-1.jpg 512w, https:\/\/klubolimpijczyka.duchu.net\/wp-content\/uploads\/2024\/09\/IMG_1999-1-267x300.jpg 267w\" sizes=\"auto, (max-width: 512px) 100vw, 512px\" \/><figcaption class=\"wp-element-caption\">Dru\u017cyna mistrz\u00f3w (na dole od lewej): <strong>Micha\u0142 Dekiert, Miko\u0142aj Lesik, Dawid Zasiuk<\/strong>, (u g\u00f3ry od lewej) <strong>Micha\u0142 Caban, Wiktor Bobrowski i Andrzej Tarasiuk<\/strong>.<br><br><\/figcaption><\/figure>\n\n\n\n<p><strong>Ch\u0142opcy ALO najlepsi w powiecie!<\/strong><\/p>\n\n\n\n<p>\u015awietnie spisali si\u0119 uczniowie Akademickiego Liceum Og\u00f3lnokszta\u0142c\u0105cego w Mistrzostwach Powiatu w Sztafetowych Biegach Prze\u0142ajowych w dniu 30 wrze\u015bnia w Wisznicach. Podopieczni Andrzeja Korbala biegali w sztafecie 6&#215;1000 m. W rywalizacji szk\u00f3\u0142 ponadpodstawowych powiatu bialskiego wygrali i zdobyli tytu\u0142 Mistrza Powiatu! Gratulacje! Dru\u017cyna mistrz\u00f3w wyst\u0105pi\u0142a w sk\u0142adzie: <strong>Micha\u0142 Dekiert, Miko\u0142aj Lesik, Dawid Zasiuk<\/strong>, <strong>Micha\u0142 Caban, Wiktor Bobrowski i Andrzej Tarasiuk<\/strong>.<br>R\u00f3wnie\u017c bardzo dobrze spisa\u0142y si\u0119 dru\u017cyny SP nr 1 w Terespolu. Mistrzami Powiatu zosta\u0142y dru\u017cyny dziewcz\u0105t i ch\u0142opc\u00f3w biegaj\u0105ce w ramach Igrzysk Dzieci oraz ch\u0142opcy biegaj\u0105cy w ramach Igrzysk M\u0142odzie\u017cy Szkolnej. Super! Wszystkim terespolskim dru\u017cynom powodzenia na Mistrzostwach Rejonu w Adamowie w dniu 10 pa\u017adziernika!<\/p>\n\n\n\n<figure class=\"wp-block-gallery has-nested-images columns-default is-cropped wp-block-gallery-1 is-layout-flex wp-block-gallery-is-layout-flex\">\n<figure class=\"wp-block-image size-large\"><img loading=\"lazy\" decoding=\"async\" width=\"1024\" height=\"575\" data-id=\"4019\" src=\"https:\/\/klubolimpijczyka.duchu.net\/wp-content\/uploads\/2024\/09\/IMG_1996-1.jpg\" alt=\"\" class=\"wp-image-4019\" srcset=\"https:\/\/klubolimpijczyka.duchu.net\/wp-content\/uploads\/2024\/09\/IMG_1996-1.jpg 1024w, https:\/\/klubolimpijczyka.duchu.net\/wp-content\/uploads\/2024\/09\/IMG_1996-1-300x168.jpg 300w, https:\/\/klubolimpijczyka.duchu.net\/wp-content\/uploads\/2024\/09\/IMG_1996-1-768x431.jpg 768w, https:\/\/klubolimpijczyka.duchu.net\/wp-content\/uploads\/2024\/09\/IMG_1996-1-660x371.jpg 660w\" sizes=\"auto, (max-width: 1024px) 100vw, 1024px\" \/><\/figure>\n\n\n\n<figure class=\"wp-block-image size-large\"><img loading=\"lazy\" decoding=\"async\" width=\"586\" height=\"451\" data-id=\"4020\" src=\"https:\/\/klubolimpijczyka.duchu.net\/wp-content\/uploads\/2024\/09\/IMG_1997-1.jpg\" alt=\"\" class=\"wp-image-4020\" srcset=\"https:\/\/klubolimpijczyka.duchu.net\/wp-content\/uploads\/2024\/09\/IMG_1997-1.jpg 586w, https:\/\/klubolimpijczyka.duchu.net\/wp-content\/uploads\/2024\/09\/IMG_1997-1-300x231.jpg 300w\" sizes=\"auto, (max-width: 586px) 100vw, 586px\" \/><\/figure>\n\n\n\n<figure class=\"wp-block-image size-large\"><img loading=\"lazy\" decoding=\"async\" width=\"1024\" height=\"575\" data-id=\"4021\" src=\"https:\/\/klubolimpijczyka.duchu.net\/wp-content\/uploads\/2024\/09\/IMG_1998-1.jpg\" alt=\"\" class=\"wp-image-4021\" srcset=\"https:\/\/klubolimpijczyka.duchu.net\/wp-content\/uploads\/2024\/09\/IMG_1998-1.jpg 1024w, https:\/\/klubolimpijczyka.duchu.net\/wp-content\/uploads\/2024\/09\/IMG_1998-1-300x168.jpg 300w, https:\/\/klubolimpijczyka.duchu.net\/wp-content\/uploads\/2024\/09\/IMG_1998-1-768x431.jpg 768w, https:\/\/klubolimpijczyka.duchu.net\/wp-content\/uploads\/2024\/09\/IMG_1998-1-660x371.jpg 660w\" sizes=\"auto, (max-width: 1024px) 100vw, 1024px\" \/><\/figure>\n<\/figure>\n","protected":false},"excerpt":{"rendered":"<p>Ch\u0142opcy ALO najlepsi w powiecie! \u015awietnie spisali si\u0119 uczniowie Akademickiego Liceum Og\u00f3lnokszta\u0142c\u0105cego w Mistrzostwach Powiatu w Sztafetowych Biegach Prze\u0142ajowych w dniu 30 wrze\u015bnia w Wisznicach. Podopieczni Andrzeja Korbala biegali w sztafecie 6&#215;1000 m. W rywalizacji szk\u00f3\u0142 ponadpodstawowych powiatu bialskiego wygrali i zdobyli tytu\u0142 Mistrza Powiatu! Gratulacje! Dru\u017cyna mistrz\u00f3w wyst\u0105pi\u0142a w sk\u0142adzie: Micha\u0142 Dekiert, Miko\u0142aj Lesik,\u2026 <span class=\"read-more\"><a href=\"https:\/\/klubolimpijczyka.duchu.net\/index.php\/2024\/09\/30\/chlopcy-alo-w-terespolu-mistrzami-powiatu\/\">Czytaj dalej &raquo;<\/a><\/span><\/p>\n","protected":false},"author":2,"featured_media":0,"comment_status":"open","ping_status":"open","sticky":false,"template":"","format":"standard","meta":{"footnotes":""},"categories":[2,9],"tags":[],"class_list":["post-4017","post","type-post","status-publish","format-standard","hentry","category-biegi","category-mistrzostwa-powiatu"],"_links":{"self":[{"href":"https:\/\/klubolimpijczyka.duchu.net\/index.php\/wp-json\/wp\/v2\/posts\/4017","targetHints":{"allow":["GET"]}}],"collection":[{"href":"https:\/\/klubolimpijczyka.duchu.net\/index.php\/wp-json\/wp\/v2\/posts"}],"about":[{"href":"https:\/\/klubolimpijczyka.duchu.net\/index.php\/wp-json\/wp\/v2\/types\/post"}],"author":[{"embeddable":true,"href":"https:\/\/klubolimpijczyka.duchu.net\/index.php\/wp-json\/wp\/v2\/users\/2"}],"replies":[{"embeddable":true,"href":"https:\/\/klubolimpijczyka.duchu.net\/index.php\/wp-json\/wp\/v2\/comments?post=4017"}],"version-history":[{"count":3,"href":"https:\/\/klubolimpijczyka.duchu.net\/index.php\/wp-json\/wp\/v2\/posts\/4017\/revisions"}],"predecessor-version":[{"id":4065,"href":"https:\/\/klubolimpijczyka.duchu.net\/index.php\/wp-json\/wp\/v2\/posts\/4017\/revisions\/4065"}],"wp:attachment":[{"href":"https:\/\/klubolimpijczyka.duchu.net\/index.php\/wp-json\/wp\/v2\/media?parent=4017"}],"wp:term":[{"taxonomy":"category","embeddable":true,"href":"https:\/\/klubolimpijczyka.duchu.net\/index.php\/wp-json\/wp\/v2\/categories?post=4017"},{"taxonomy":"post_tag","embeddable":true,"href":"https:\/\/klubolimpijczyka.duchu.net\/index.php\/wp-json\/wp\/v2\/tags?post=4017"}],"curies":[{"name":"wp","href":"https:\/\/api.w.org\/{rel}","templated":true}]}}