{"id":3175,"date":"2024-04-05T18:13:55","date_gmt":"2024-04-05T18:13:55","guid":{"rendered":"https:\/\/klubolimpijczyka-nowa.duchu.net\/?p=3175"},"modified":"2024-04-05T18:13:55","modified_gmt":"2024-04-05T18:13:55","slug":"awansowali-do-zawodow-rejonowych","status":"publish","type":"post","link":"https:\/\/klubolimpijczyka.duchu.net\/index.php\/2024\/04\/05\/awansowali-do-zawodow-rejonowych\/","title":{"rendered":"Awansowali do zawod\u00f3w rejonowych!"},"content":{"rendered":"\n<p>&#8222;Nasi&#8221; bardzo dobrze w <strong>Finale Powiatu Bialskiego w Dru\u017cynowych Biegach Prze\u0142ajowych<\/strong>!<br>Swory w dniu 5 kwietnia 2024 r. go\u015bci\u0142y szko\u0142y powiatu bialskiego, kt\u00f3re rozegra\u0142y mi\u0119dzy sob\u0105 fina\u0142 w Dru\u017cynowych Biegach Prze\u0142ajowych. Bardzo dobrze spisali si\u0119 ch\u0142opcy z Akademickiego Liceum Og\u00f3lnokszta\u0142c\u0105cego w Terespolu, kt\u00f3rzy w rywalizacji zaj\u0119li wysokie, drugie miejsce i uzyskali awans do zawod\u00f3w rejonowych w dn.12 kwietnia w Adamowie. Awans wywalczyli: <strong>Wiktor Bobrowski, Kacper Machnowski, Miko\u0142ak Lesik, Pawe\u0142 Zygmunt, Piotr Stefaniuk i Micha\u0142 Dekiert.<\/strong><\/p>\n\n\n\n<figure class=\"wp-block-gallery has-nested-images columns-default is-cropped wp-block-gallery-1 is-layout-flex wp-block-gallery-is-layout-flex\">\n<figure class=\"wp-block-image size-large\"><img loading=\"lazy\" decoding=\"async\" width=\"576\" height=\"768\" data-id=\"3176\" src=\"https:\/\/klubolimpijczyka-nowa.duchu.net\/wp-content\/uploads\/2024\/04\/IMG_1268.jpg\" alt=\"\" class=\"wp-image-3176\" srcset=\"https:\/\/klubolimpijczyka.duchu.net\/wp-content\/uploads\/2024\/04\/IMG_1268.jpg 576w, https:\/\/klubolimpijczyka.duchu.net\/wp-content\/uploads\/2024\/04\/IMG_1268-225x300.jpg 225w\" sizes=\"auto, (max-width: 576px) 100vw, 576px\" \/><\/figure>\n\n\n\n<figure class=\"wp-block-image size-large\"><img loading=\"lazy\" decoding=\"async\" width=\"960\" height=\"540\" data-id=\"3177\" src=\"https:\/\/klubolimpijczyka-nowa.duchu.net\/wp-content\/uploads\/2024\/04\/IMG_1295.jpg\" alt=\"\" class=\"wp-image-3177\" srcset=\"https:\/\/klubolimpijczyka.duchu.net\/wp-content\/uploads\/2024\/04\/IMG_1295.jpg 960w, https:\/\/klubolimpijczyka.duchu.net\/wp-content\/uploads\/2024\/04\/IMG_1295-300x169.jpg 300w, https:\/\/klubolimpijczyka.duchu.net\/wp-content\/uploads\/2024\/04\/IMG_1295-768x432.jpg 768w, https:\/\/klubolimpijczyka.duchu.net\/wp-content\/uploads\/2024\/04\/IMG_1295-660x371.jpg 660w\" sizes=\"auto, (max-width: 960px) 100vw, 960px\" \/><\/figure>\n\n\n\n<figure class=\"wp-block-image size-large\"><img loading=\"lazy\" decoding=\"async\" width=\"960\" height=\"540\" data-id=\"3178\" src=\"https:\/\/klubolimpijczyka-nowa.duchu.net\/wp-content\/uploads\/2024\/04\/IMG_1297.jpg\" alt=\"\" class=\"wp-image-3178\" srcset=\"https:\/\/klubolimpijczyka.duchu.net\/wp-content\/uploads\/2024\/04\/IMG_1297.jpg 960w, https:\/\/klubolimpijczyka.duchu.net\/wp-content\/uploads\/2024\/04\/IMG_1297-300x169.jpg 300w, https:\/\/klubolimpijczyka.duchu.net\/wp-content\/uploads\/2024\/04\/IMG_1297-768x432.jpg 768w, https:\/\/klubolimpijczyka.duchu.net\/wp-content\/uploads\/2024\/04\/IMG_1297-660x371.jpg 660w\" sizes=\"auto, (max-width: 960px) 100vw, 960px\" \/><\/figure>\n\n\n\n<figure class=\"wp-block-image size-large\"><img loading=\"lazy\" decoding=\"async\" width=\"960\" height=\"540\" data-id=\"3179\" src=\"https:\/\/klubolimpijczyka-nowa.duchu.net\/wp-content\/uploads\/2024\/04\/IMG_1298.jpg\" alt=\"\" class=\"wp-image-3179\" srcset=\"https:\/\/klubolimpijczyka.duchu.net\/wp-content\/uploads\/2024\/04\/IMG_1298.jpg 960w, https:\/\/klubolimpijczyka.duchu.net\/wp-content\/uploads\/2024\/04\/IMG_1298-300x169.jpg 300w, https:\/\/klubolimpijczyka.duchu.net\/wp-content\/uploads\/2024\/04\/IMG_1298-768x432.jpg 768w, https:\/\/klubolimpijczyka.duchu.net\/wp-content\/uploads\/2024\/04\/IMG_1298-660x371.jpg 660w\" sizes=\"auto, (max-width: 960px) 100vw, 960px\" \/><\/figure>\n\n\n\n<figure class=\"wp-block-image size-large\"><img loading=\"lazy\" decoding=\"async\" width=\"888\" height=\"500\" data-id=\"3180\" src=\"https:\/\/klubolimpijczyka-nowa.duchu.net\/wp-content\/uploads\/2024\/04\/IMG_1299.jpg\" alt=\"\" class=\"wp-image-3180\" srcset=\"https:\/\/klubolimpijczyka.duchu.net\/wp-content\/uploads\/2024\/04\/IMG_1299.jpg 888w, https:\/\/klubolimpijczyka.duchu.net\/wp-content\/uploads\/2024\/04\/IMG_1299-300x169.jpg 300w, https:\/\/klubolimpijczyka.duchu.net\/wp-content\/uploads\/2024\/04\/IMG_1299-768x432.jpg 768w, https:\/\/klubolimpijczyka.duchu.net\/wp-content\/uploads\/2024\/04\/IMG_1299-660x372.jpg 660w\" sizes=\"auto, (max-width: 888px) 100vw, 888px\" \/><\/figure>\n<\/figure>\n","protected":false},"excerpt":{"rendered":"<p>&#8222;Nasi&#8221; bardzo dobrze w Finale Powiatu Bialskiego w Dru\u017cynowych Biegach Prze\u0142ajowych!Swory w dniu 5 kwietnia 2024 r. go\u015bci\u0142y szko\u0142y powiatu bialskiego, kt\u00f3re rozegra\u0142y mi\u0119dzy sob\u0105 fina\u0142 w Dru\u017cynowych Biegach Prze\u0142ajowych. Bardzo dobrze spisali si\u0119 ch\u0142opcy z Akademickiego Liceum Og\u00f3lnokszta\u0142c\u0105cego w Terespolu, kt\u00f3rzy w rywalizacji zaj\u0119li wysokie, drugie miejsce i uzyskali awans do zawod\u00f3w rejonowych w\u2026 <span class=\"read-more\"><a href=\"https:\/\/klubolimpijczyka.duchu.net\/index.php\/2024\/04\/05\/awansowali-do-zawodow-rejonowych\/\">Czytaj dalej &raquo;<\/a><\/span><\/p>\n","protected":false},"author":2,"featured_media":0,"comment_status":"open","ping_status":"open","sticky":false,"template":"","format":"standard","meta":{"footnotes":""},"categories":[7],"tags":[],"class_list":["post-3175","post","type-post","status-publish","format-standard","hentry","category-powiat"],"_links":{"self":[{"href":"https:\/\/klubolimpijczyka.duchu.net\/index.php\/wp-json\/wp\/v2\/posts\/3175","targetHints":{"allow":["GET"]}}],"collection":[{"href":"https:\/\/klubolimpijczyka.duchu.net\/index.php\/wp-json\/wp\/v2\/posts"}],"about":[{"href":"https:\/\/klubolimpijczyka.duchu.net\/index.php\/wp-json\/wp\/v2\/types\/post"}],"author":[{"embeddable":true,"href":"https:\/\/klubolimpijczyka.duchu.net\/index.php\/wp-json\/wp\/v2\/users\/2"}],"replies":[{"embeddable":true,"href":"https:\/\/klubolimpijczyka.duchu.net\/index.php\/wp-json\/wp\/v2\/comments?post=3175"}],"version-history":[{"count":1,"href":"https:\/\/klubolimpijczyka.duchu.net\/index.php\/wp-json\/wp\/v2\/posts\/3175\/revisions"}],"predecessor-version":[{"id":3181,"href":"https:\/\/klubolimpijczyka.duchu.net\/index.php\/wp-json\/wp\/v2\/posts\/3175\/revisions\/3181"}],"wp:attachment":[{"href":"https:\/\/klubolimpijczyka.duchu.net\/index.php\/wp-json\/wp\/v2\/media?parent=3175"}],"wp:term":[{"taxonomy":"category","embeddable":true,"href":"https:\/\/klubolimpijczyka.duchu.net\/index.php\/wp-json\/wp\/v2\/categories?post=3175"},{"taxonomy":"post_tag","embeddable":true,"href":"https:\/\/klubolimpijczyka.duchu.net\/index.php\/wp-json\/wp\/v2\/tags?post=3175"}],"curies":[{"name":"wp","href":"https:\/\/api.w.org\/{rel}","templated":true}]}}