{"id":312,"date":"2013-09-23T10:08:08","date_gmt":"2013-09-23T10:08:08","guid":{"rendered":"https:\/\/klubolimpijczyka-nowa.duchu.net\/?p=312"},"modified":"2024-04-04T06:42:00","modified_gmt":"2024-04-04T06:42:00","slug":"i-polmaraton-malaszewicze-koden-15092013r-312","status":"publish","type":"post","link":"https:\/\/klubolimpijczyka.duchu.net\/index.php\/2013\/09\/23\/i-polmaraton-malaszewicze-koden-15092013r-312\/","title":{"rendered":"I P\u00f3\u0142maraton Ma\u0142aszewicze &#8211; Kode\u0144, 15.09.2013r"},"content":{"rendered":"<p><center><b>I P\u00f3\u0142maraton Ma\u0142aszewicze &#8211; Kode\u0144, 15.09.2013r<\/b><\/center><\/p>\n<p>Zawody rozpocz\u0119\u0142y si\u0119 msz\u0105 \u015bw. w ko\u015bciele pod wezwaniem \u015bw. Katarzyny Aleksandryjskiej w Ma\u0142aszewiczach. Na starcie stan\u0119\u0142o 43 zawodnik\u00f3w i zawodniczek, w tym 4 osoby z Terespola. Zjawili si\u0119 tam, chocia\u017c doskonale wiedzieli, \u017ce nie b\u0119dzie spektakularnych nagr\u00f3d, nagradzania najlepszych, a mimo to&#8230; odwa\u017cnie stan\u0119li na starcie i pobiegli po co\u015b&#8230; Tych, kt\u00f3rych nie przerazi\u0142 dystans, ani pogoda pob\u0142ogos\u0142awi\u0142 proboszcz parafii w Ma\u0142aszewiczach. Starter, Przewodnicz\u0105cy Rady Gminy da\u0142 sygna\u0142 i wystartowali\u015bmy&#8230; Pi\u0119kna, niezwykle malownicza trasa wiod\u0142a z M-cz przez Zastawek, Ko\u017can\u00f3wk\u0119, Kopyt\u00f3w do Kodnia. Niemal wszyscy zawodnicy wystartowali w okoliczno\u015bciowych koszulkach technicznych \u201eDo Ciebie Matko biegn\u0119&#8230;\u201d  Podczas biegu zawodnicy mogli liczy\u0107 na doping kibic\u00f3w, dlatego zmaganie z w\u0142asnymi s\u0142abo\u015bciami by\u0142o du\u017co \u0142atwiejsze. Na mecie za\u015b najwi\u0119ksz\u0105 nagrod\u0105 by\u0142a sama \u015bwiadomo\u015b\u0107 \u201epokonania siebie&#8230;\u201d i dotarcia po trudach  do Matki Bo\u017cej Kode\u0144skiej. R\u00f3wnie\u017c pami\u0105tk\u0105 b\u0119dzie niezwyk\u0142y medal, kt\u00f3ry otrzymali wszyscy zawodnicy.<br \/>Organizatorzy zadbali o zdrowie i bezpiecze\u0144stwo podczas zawod\u00f3w, zapewnili punkty z wod\u0105 na trasie, a na mecie ciep\u0142y posi\u0142ek. Do zobaczenia na biegowych trasach!<\/p>\n\n\n<figure class=\"wp-block-gallery has-nested-images columns-default is-cropped wp-block-gallery-1 is-layout-flex wp-block-gallery-is-layout-flex\">\n<figure class=\"wp-block-image size-large\"><img loading=\"lazy\" decoding=\"async\" width=\"640\" height=\"480\" data-id=\"2648\" src=\"https:\/\/klubolimpijczyka-nowa.duchu.net\/wp-content\/uploads\/2024\/04\/1-70.jpg\" alt=\"\" class=\"wp-image-2648\" srcset=\"https:\/\/klubolimpijczyka.duchu.net\/wp-content\/uploads\/2024\/04\/1-70.jpg 640w, https:\/\/klubolimpijczyka.duchu.net\/wp-content\/uploads\/2024\/04\/1-70-300x225.jpg 300w\" sizes=\"auto, (max-width: 640px) 100vw, 640px\" \/><\/figure>\n\n\n\n<figure class=\"wp-block-image size-large\"><img loading=\"lazy\" decoding=\"async\" width=\"400\" height=\"300\" data-id=\"2650\" src=\"https:\/\/klubolimpijczyka-nowa.duchu.net\/wp-content\/uploads\/2024\/04\/2-68.jpg\" alt=\"\" class=\"wp-image-2650\" srcset=\"https:\/\/klubolimpijczyka.duchu.net\/wp-content\/uploads\/2024\/04\/2-68.jpg 400w, https:\/\/klubolimpijczyka.duchu.net\/wp-content\/uploads\/2024\/04\/2-68-300x225.jpg 300w\" sizes=\"auto, (max-width: 400px) 100vw, 400px\" \/><\/figure>\n\n\n\n<figure class=\"wp-block-image size-large\"><img loading=\"lazy\" decoding=\"async\" width=\"640\" height=\"480\" data-id=\"2649\" src=\"https:\/\/klubolimpijczyka-nowa.duchu.net\/wp-content\/uploads\/2024\/04\/3-65.jpg\" alt=\"\" class=\"wp-image-2649\" srcset=\"https:\/\/klubolimpijczyka.duchu.net\/wp-content\/uploads\/2024\/04\/3-65.jpg 640w, https:\/\/klubolimpijczyka.duchu.net\/wp-content\/uploads\/2024\/04\/3-65-300x225.jpg 300w\" sizes=\"auto, (max-width: 640px) 100vw, 640px\" \/><\/figure>\n<\/figure>\n","protected":false},"excerpt":{"rendered":"<p>I P\u00f3\u0142maraton Ma\u0142aszewicze &#8211; Kode\u0144, 15.09.2013r Zawody rozpocz\u0119\u0142y si\u0119 msz\u0105 \u015bw. w ko\u015bciele pod wezwaniem \u015bw. Katarzyny Aleksandryjskiej w Ma\u0142aszewiczach. Na starcie stan\u0119\u0142o 43 zawodnik\u00f3w i zawodniczek, w tym 4 osoby z Terespola. Zjawili si\u0119 tam, chocia\u017c doskonale wiedzieli, \u017ce nie b\u0119dzie spektakularnych nagr\u00f3d, nagradzania najlepszych, a mimo to&#8230; odwa\u017cnie stan\u0119li na starcie i pobiegli\u2026 <span class=\"read-more\"><a href=\"https:\/\/klubolimpijczyka.duchu.net\/index.php\/2013\/09\/23\/i-polmaraton-malaszewicze-koden-15092013r-312\/\">Czytaj dalej &raquo;<\/a><\/span><\/p>\n","protected":false},"author":2,"featured_media":0,"comment_status":"open","ping_status":"open","sticky":false,"template":"","format":"standard","meta":{"footnotes":""},"categories":[1],"tags":[],"class_list":["post-312","post","type-post","status-publish","format-standard","hentry","category-uncategorized"],"_links":{"self":[{"href":"https:\/\/klubolimpijczyka.duchu.net\/index.php\/wp-json\/wp\/v2\/posts\/312","targetHints":{"allow":["GET"]}}],"collection":[{"href":"https:\/\/klubolimpijczyka.duchu.net\/index.php\/wp-json\/wp\/v2\/posts"}],"about":[{"href":"https:\/\/klubolimpijczyka.duchu.net\/index.php\/wp-json\/wp\/v2\/types\/post"}],"author":[{"embeddable":true,"href":"https:\/\/klubolimpijczyka.duchu.net\/index.php\/wp-json\/wp\/v2\/users\/2"}],"replies":[{"embeddable":true,"href":"https:\/\/klubolimpijczyka.duchu.net\/index.php\/wp-json\/wp\/v2\/comments?post=312"}],"version-history":[{"count":1,"href":"https:\/\/klubolimpijczyka.duchu.net\/index.php\/wp-json\/wp\/v2\/posts\/312\/revisions"}],"predecessor-version":[{"id":2651,"href":"https:\/\/klubolimpijczyka.duchu.net\/index.php\/wp-json\/wp\/v2\/posts\/312\/revisions\/2651"}],"wp:attachment":[{"href":"https:\/\/klubolimpijczyka.duchu.net\/index.php\/wp-json\/wp\/v2\/media?parent=312"}],"wp:term":[{"taxonomy":"category","embeddable":true,"href":"https:\/\/klubolimpijczyka.duchu.net\/index.php\/wp-json\/wp\/v2\/categories?post=312"},{"taxonomy":"post_tag","embeddable":true,"href":"https:\/\/klubolimpijczyka.duchu.net\/index.php\/wp-json\/wp\/v2\/tags?post=312"}],"curies":[{"name":"wp","href":"https:\/\/api.w.org\/{rel}","templated":true}]}}