{"id":311,"date":"2013-09-03T10:54:13","date_gmt":"2013-09-03T10:54:13","guid":{"rendered":"https:\/\/klubolimpijczyka-nowa.duchu.net\/?p=311"},"modified":"2024-04-04T06:42:31","modified_gmt":"2024-04-04T06:42:31","slug":"i-letni-festiwal-biegow-wrota-wolnosci-311","status":"publish","type":"post","link":"https:\/\/klubolimpijczyka.duchu.net\/index.php\/2013\/09\/03\/i-letni-festiwal-biegow-wrota-wolnosci-311\/","title":{"rendered":"I letni Festiwal Bieg\u00f3w \u201eWrota Wolno\u015bci\u201d"},"content":{"rendered":"<p><center><b>I letni Festiwal Bieg\u00f3w \u201eWrota Wolno\u015bci\u201d<\/b><\/center><\/p>\n<p>Pochmurna i momentami deszczowa pogoda nie odstraszy\u0142a uczestnik\u00f3w I Letniego Festiwalu Bieg\u00f3w \u201eWrota Wolno\u015bci\u201d w Kobylanach w dniu 1.09.2013r. Og\u00f3\u0142em w Festiwalu wystartowa\u0142o 151 uczestnik\u00f3w w trzech konkurencjach (deklarowa\u0142o wi\u0119cej, zapewne wystraszy\u0142 ich deszcz!). Tradycyjnie w zawodach wystartowali r\u00f3wnie\u017c mieszka\u0144cy Terespola. \u015amiem twierdzi\u0107, \u017ce w rekordowej liczbie, bo a\u017c 24 osoby wzi\u0119\u0142y udzia\u0142 w imprezie! Najwi\u0119cej &#8211; 11 w biegu na 3km333m, 7 os\u00f3b w Nordic Walking i 6 os\u00f3b w biegu g\u0142\u00f3wnym. Bieg g\u0142\u00f3wny (na 10km) wygra\u0142a oczywi\u015bcie Iza Trzaskalska. Organizatorzy zadbali o atrakcyjne nagrody nie tylko najlepszym ale mn\u00f3stwo z nich mo\u017cna by\u0142o zdoby\u0107 w losowaniu. Ka\u017cdy z uczestnik\u00f3w otrzyma\u0142 na mecie pi\u0119kny medal. Po zawodach organizatorzy zapewnili zawodnikom ciep\u0142y posi\u0142ek. <\/p>\n\n\n<figure class=\"wp-block-gallery has-nested-images columns-default is-cropped wp-block-gallery-1 is-layout-flex wp-block-gallery-is-layout-flex\">\n<figure class=\"wp-block-image size-large\"><img loading=\"lazy\" decoding=\"async\" width=\"640\" height=\"480\" data-id=\"2652\" src=\"https:\/\/klubolimpijczyka-nowa.duchu.net\/wp-content\/uploads\/2024\/04\/1-71.jpg\" alt=\"\" class=\"wp-image-2652\" srcset=\"https:\/\/klubolimpijczyka.duchu.net\/wp-content\/uploads\/2024\/04\/1-71.jpg 640w, https:\/\/klubolimpijczyka.duchu.net\/wp-content\/uploads\/2024\/04\/1-71-300x225.jpg 300w\" sizes=\"auto, (max-width: 640px) 100vw, 640px\" \/><\/figure>\n\n\n\n<figure class=\"wp-block-image size-large\"><img loading=\"lazy\" decoding=\"async\" width=\"640\" height=\"480\" data-id=\"2654\" src=\"https:\/\/klubolimpijczyka-nowa.duchu.net\/wp-content\/uploads\/2024\/04\/2-69.jpg\" alt=\"\" class=\"wp-image-2654\" srcset=\"https:\/\/klubolimpijczyka.duchu.net\/wp-content\/uploads\/2024\/04\/2-69.jpg 640w, https:\/\/klubolimpijczyka.duchu.net\/wp-content\/uploads\/2024\/04\/2-69-300x225.jpg 300w\" sizes=\"auto, (max-width: 640px) 100vw, 640px\" \/><\/figure>\n\n\n\n<figure class=\"wp-block-image size-large\"><img loading=\"lazy\" decoding=\"async\" width=\"640\" height=\"480\" data-id=\"2653\" src=\"https:\/\/klubolimpijczyka-nowa.duchu.net\/wp-content\/uploads\/2024\/04\/3-66.jpg\" alt=\"\" class=\"wp-image-2653\" srcset=\"https:\/\/klubolimpijczyka.duchu.net\/wp-content\/uploads\/2024\/04\/3-66.jpg 640w, https:\/\/klubolimpijczyka.duchu.net\/wp-content\/uploads\/2024\/04\/3-66-300x225.jpg 300w\" sizes=\"auto, (max-width: 640px) 100vw, 640px\" \/><\/figure>\n<\/figure>\n","protected":false},"excerpt":{"rendered":"<p>I letni Festiwal Bieg\u00f3w \u201eWrota Wolno\u015bci\u201d Pochmurna i momentami deszczowa pogoda nie odstraszy\u0142a uczestnik\u00f3w I Letniego Festiwalu Bieg\u00f3w \u201eWrota Wolno\u015bci\u201d w Kobylanach w dniu 1.09.2013r. Og\u00f3\u0142em w Festiwalu wystartowa\u0142o 151 uczestnik\u00f3w w trzech konkurencjach (deklarowa\u0142o wi\u0119cej, zapewne wystraszy\u0142 ich deszcz!). Tradycyjnie w zawodach wystartowali r\u00f3wnie\u017c mieszka\u0144cy Terespola. \u015amiem twierdzi\u0107, \u017ce w rekordowej liczbie, bo a\u017c\u2026 <span class=\"read-more\"><a href=\"https:\/\/klubolimpijczyka.duchu.net\/index.php\/2013\/09\/03\/i-letni-festiwal-biegow-wrota-wolnosci-311\/\">Czytaj dalej &raquo;<\/a><\/span><\/p>\n","protected":false},"author":2,"featured_media":0,"comment_status":"open","ping_status":"open","sticky":false,"template":"","format":"standard","meta":{"footnotes":""},"categories":[1],"tags":[],"class_list":["post-311","post","type-post","status-publish","format-standard","hentry","category-uncategorized"],"_links":{"self":[{"href":"https:\/\/klubolimpijczyka.duchu.net\/index.php\/wp-json\/wp\/v2\/posts\/311","targetHints":{"allow":["GET"]}}],"collection":[{"href":"https:\/\/klubolimpijczyka.duchu.net\/index.php\/wp-json\/wp\/v2\/posts"}],"about":[{"href":"https:\/\/klubolimpijczyka.duchu.net\/index.php\/wp-json\/wp\/v2\/types\/post"}],"author":[{"embeddable":true,"href":"https:\/\/klubolimpijczyka.duchu.net\/index.php\/wp-json\/wp\/v2\/users\/2"}],"replies":[{"embeddable":true,"href":"https:\/\/klubolimpijczyka.duchu.net\/index.php\/wp-json\/wp\/v2\/comments?post=311"}],"version-history":[{"count":1,"href":"https:\/\/klubolimpijczyka.duchu.net\/index.php\/wp-json\/wp\/v2\/posts\/311\/revisions"}],"predecessor-version":[{"id":2655,"href":"https:\/\/klubolimpijczyka.duchu.net\/index.php\/wp-json\/wp\/v2\/posts\/311\/revisions\/2655"}],"wp:attachment":[{"href":"https:\/\/klubolimpijczyka.duchu.net\/index.php\/wp-json\/wp\/v2\/media?parent=311"}],"wp:term":[{"taxonomy":"category","embeddable":true,"href":"https:\/\/klubolimpijczyka.duchu.net\/index.php\/wp-json\/wp\/v2\/categories?post=311"},{"taxonomy":"post_tag","embeddable":true,"href":"https:\/\/klubolimpijczyka.duchu.net\/index.php\/wp-json\/wp\/v2\/tags?post=311"}],"curies":[{"name":"wp","href":"https:\/\/api.w.org\/{rel}","templated":true}]}}