{"id":294,"date":"2013-03-21T22:01:08","date_gmt":"2013-03-21T22:01:08","guid":{"rendered":"https:\/\/klubolimpijczyka-nowa.duchu.net\/?p=294"},"modified":"2024-04-04T11:31:45","modified_gmt":"2024-04-04T11:31:45","slug":"pokazy-w-gimnastyce-artystycznej-dziewczat-piramidy-21032013r-294","status":"publish","type":"post","link":"https:\/\/klubolimpijczyka.duchu.net\/index.php\/2013\/03\/21\/pokazy-w-gimnastyce-artystycznej-dziewczat-piramidy-21032013r-294\/","title":{"rendered":"Pokazy w gimnastyce artystycznej dziewcz\u0105t &#8211; piramidy &#8211; 21.03.2013r."},"content":{"rendered":"<p><b>Pokazy w gimnastyce artystycznej dziewcz\u0105t &#8211; piramidy &#8211; 21.03.2013r.<\/b><\/p>\n<p>Jak co roku, od 1991 &#8211; pierwszy dzie\u0144 wiosny, to jednocze\u015bnie \u015bwi\u0119to sportu w naszej szkole. Tego dnia powstaj\u0105 rzeczy niezwyk\u0142e! Startuj\u0105ce (y) daj\u0105 popis swojej sprawno\u015bci, poczucia rytmu i wsp\u00f3\u0142pracy w grupie. W tym roku, po raz pierwszy wystartowa\u0142a grupa ch\u0142opc\u00f3w z klasy VI, dziewcz\u0119ta pr\u00f3bowa\u0142y zaskoczy\u0107 juror\u00f3w r\u00f3wnie\u017c w\u0142\u0105czaj\u0105c do swoich wyst\u0119p\u00f3w pojedynczych ch\u0142opc\u00f3w, nietuzinkowe rekwizyty. Wszystkie starania spotka\u0142y si\u0119 z aplauzem ogl\u0105daj\u0105cych: m\u0142odzie\u017cy, nauczycieli i licznie zgromadzonych rodzic\u00f3w. Ca\u0142o\u015b\u0107 brawurowo poprowadzi\u0142  Marcin Gawryluk. Poziom pokaz\u00f3w by\u0142 niezwykle wysoki, wida\u0107 by\u0142o, \u017ce wszystkie grupy w\u0142o\u017cy\u0142y bardzo du\u017co pracy, nic dziwnego, \u017ce efekt by\u0142 taki, \u017ce dostarczy\u0142 trudno\u015bci jurorom w wytypowaniu najlepszych. Ostatecznie zapad\u0142y nast\u0119puj\u0105ce decyzje:<\/p>\n<p><i>Szko\u0142a podstawowa:<\/i><br \/>I m &#8211; klasa IV : Magda Bi\u0142anicz, Weronika Czapska, Ola Do\u0142\u0119ga, Ola Sobolewska, Agata Korzeniewska, Magda Mazurkiewicz, Paulina Kondera, Karolina Zaj\u0105czkowska.<br \/>II m &#8211; klasa III: Paulina Kowal, Adam Marecki, Julia Ni\u015bcioruk, Marta Wereniewicz, Patrycja Fedorowicz, Mateusz D\u0105browski, Nikola Mikitczuk, Eliza Stefaniuk, Paulina Stukanowa, Kazik Soczewka, Piotr \u017bmi\u0144czuk, Kamil Wr\u00f3blewski, Oliwia Bojczewska.<br \/>Klasa VI: \u0141ukasz Breczko, Albert Daniluk, Sta\u015b Daniluk, Bartek Gregoruk, Mateusz Iwaniuk, Mateusz Jakubiuk, Daniel Jarowicz, Jakub Kondera, Jakub Majczuk, Damian Nowak, Patryk Po\u0142usza\u0144ski, Eryk Sawczyk, Mateusz Sawicki.<\/p>\n<p><i>Gimnazjum:<\/i><br \/>I m &#8211; klasa I: Paulina Bi\u0142anicz,, Ola Byszko, Ola Gawryluk, Weronika Guziuk, El\u017cbieta Jowik, Jowita Korbal, Agata Kulhawczuk, Henryk Misiejuk, J\u00f3zef Misiejuk, Ola Olszewska, Ola Wo\u0142och.<br \/>Klasa II: Gabrysia Do\u0142ga, Natalia Ferens, Daria Herlikiewicz, Anita Kabus, Marlena Michalczuk, Angelika Pie\u0144kus, Monika Pietrusik, Ewelina Stefanowicz, Klaudia Stempniewska, Wioleta St\u0119pie\u0144<\/p>\n<p><i>Liceum:<\/i><br \/>I m &#8211; klasa I b: Klaudia Cielma, Alicja \u0141ukasik, Zuzanna Roguska, Katarzyna Juszczuk, Marta Czech, Karolina Bernad, Aleksandra Kowal, Karolina Sobolewska.<br \/>Klasa II a: Katarzyna Barmosz, Anna Jakuszko, Paulina Nejman, Anna Mleczek, Magda Oleszczuk, Dominika Mikitczuk, Sylwia Parafiniuk, Ewelina Skrzypczak, Jowita Skulimowska, Natalia Stefaniuk, Dominika W\u00f3jtowicz.<br \/>II m &#8211; klasa III c : Kasia Chomicz, Justyna Trebik, Ala Marchlewska, Kasia Daniluk, Kaja Chwedoruk, Zosia Bielecka, Gabrysia Stefaniuk, Renata Dr\u0105\u017cek, Asia \u0141ukaszuk, R\u00f3\u017ca Pietraszuk, Justyna Gutko, Aneta K\u0142oczewska, Agata \u0141ukaszuk, Ada Marzec.<br \/>III m &#8211; klasa I a: Magda Aleksandruk, Klaudia Jakuszko, Ola Drobysz, Luiza Czulak, Agata Marzec, Ma\u0142gorzata Skrzyszewska, Klaudia Trzaskalska, Patrycja Lewalska, Klaudia Piwniuk, Milena Kupry\u015b.<br \/>IV m &#8211; klasa II b: Justyna Bednarczyk, Anna G\u0142owacka, Kamila Mularska, Ma\u0142gorzata Kowalska, Jowita Klujewska, Justyna \u0141azuga, Amelia Paw\u0142owska, Paulina Stasiuk, Ada Zmi\u0144czuk.<br \/>Klasa III ab: Magda Benich, Beata Korneluk, Agnieszka Kozaczuk, Joanna Skrzypiec, Anna Babkiewicz, Karolina Chodzi\u0144ska, Ewa Danieluk, Kasia Hodyniuk, Patrycja Hurman, Karolina Kwiatkowska, Joanna Lipowiecka, Anna Mazur, Karolina Mazurek, Monika Niczyporuk, Karolina Nitychoruk, Ma\u0142gorzata Ostromecka, Michalina Post\u00f3\u0142, Monika Starzy\u0144ska.<br \/><b>Wszystkie grupy otrzyma\u0142y dyplomy i s\u0142odycze ufundowane przez Rad\u0119 Rodzic\u00f3w. <br \/>Dzi\u0119kujemy!<\/b><\/p>\n\n\n<figure class=\"wp-block-gallery has-nested-images columns-default is-cropped wp-block-gallery-1 is-layout-flex wp-block-gallery-is-layout-flex\">\n<figure class=\"wp-block-image size-large\"><img loading=\"lazy\" decoding=\"async\" width=\"640\" height=\"480\" data-id=\"2753\" src=\"https:\/\/klubolimpijczyka-nowa.duchu.net\/wp-content\/uploads\/2024\/04\/1-85.jpg\" alt=\"\" class=\"wp-image-2753\" srcset=\"https:\/\/klubolimpijczyka.duchu.net\/wp-content\/uploads\/2024\/04\/1-85.jpg 640w, https:\/\/klubolimpijczyka.duchu.net\/wp-content\/uploads\/2024\/04\/1-85-300x225.jpg 300w\" sizes=\"auto, (max-width: 640px) 100vw, 640px\" \/><\/figure>\n\n\n\n<figure class=\"wp-block-image size-large\"><img loading=\"lazy\" decoding=\"async\" width=\"640\" height=\"480\" data-id=\"2751\" src=\"https:\/\/klubolimpijczyka-nowa.duchu.net\/wp-content\/uploads\/2024\/04\/2-83.jpg\" alt=\"\" class=\"wp-image-2751\" srcset=\"https:\/\/klubolimpijczyka.duchu.net\/wp-content\/uploads\/2024\/04\/2-83.jpg 640w, https:\/\/klubolimpijczyka.duchu.net\/wp-content\/uploads\/2024\/04\/2-83-300x225.jpg 300w\" sizes=\"auto, (max-width: 640px) 100vw, 640px\" \/><\/figure>\n\n\n\n<figure class=\"wp-block-image size-large\"><img loading=\"lazy\" decoding=\"async\" width=\"640\" height=\"480\" data-id=\"2752\" src=\"https:\/\/klubolimpijczyka-nowa.duchu.net\/wp-content\/uploads\/2024\/04\/3-80.jpg\" alt=\"\" class=\"wp-image-2752\" srcset=\"https:\/\/klubolimpijczyka.duchu.net\/wp-content\/uploads\/2024\/04\/3-80.jpg 640w, https:\/\/klubolimpijczyka.duchu.net\/wp-content\/uploads\/2024\/04\/3-80-300x225.jpg 300w\" sizes=\"auto, (max-width: 640px) 100vw, 640px\" \/><\/figure>\n\n\n\n<figure class=\"wp-block-image size-large\"><img loading=\"lazy\" decoding=\"async\" width=\"640\" height=\"480\" data-id=\"2750\" src=\"https:\/\/klubolimpijczyka-nowa.duchu.net\/wp-content\/uploads\/2024\/04\/4-64.jpg\" alt=\"\" class=\"wp-image-2750\" srcset=\"https:\/\/klubolimpijczyka.duchu.net\/wp-content\/uploads\/2024\/04\/4-64.jpg 640w, https:\/\/klubolimpijczyka.duchu.net\/wp-content\/uploads\/2024\/04\/4-64-300x225.jpg 300w\" sizes=\"auto, (max-width: 640px) 100vw, 640px\" \/><\/figure>\n\n\n\n<figure class=\"wp-block-image size-large\"><img loading=\"lazy\" decoding=\"async\" width=\"640\" height=\"480\" data-id=\"2755\" src=\"https:\/\/klubolimpijczyka-nowa.duchu.net\/wp-content\/uploads\/2024\/04\/5-65.jpg\" alt=\"\" class=\"wp-image-2755\" srcset=\"https:\/\/klubolimpijczyka.duchu.net\/wp-content\/uploads\/2024\/04\/5-65.jpg 640w, https:\/\/klubolimpijczyka.duchu.net\/wp-content\/uploads\/2024\/04\/5-65-300x225.jpg 300w\" sizes=\"auto, (max-width: 640px) 100vw, 640px\" \/><\/figure>\n\n\n\n<figure class=\"wp-block-image size-large\"><img loading=\"lazy\" decoding=\"async\" width=\"400\" height=\"300\" data-id=\"2747\" src=\"https:\/\/klubolimpijczyka-nowa.duchu.net\/wp-content\/uploads\/2024\/04\/6-62.jpg\" alt=\"\" class=\"wp-image-2747\" srcset=\"https:\/\/klubolimpijczyka.duchu.net\/wp-content\/uploads\/2024\/04\/6-62.jpg 400w, https:\/\/klubolimpijczyka.duchu.net\/wp-content\/uploads\/2024\/04\/6-62-300x225.jpg 300w\" sizes=\"auto, (max-width: 400px) 100vw, 400px\" \/><\/figure>\n\n\n\n<figure class=\"wp-block-image size-large\"><img loading=\"lazy\" decoding=\"async\" width=\"640\" height=\"480\" data-id=\"2748\" src=\"https:\/\/klubolimpijczyka-nowa.duchu.net\/wp-content\/uploads\/2024\/04\/7-14.jpg\" alt=\"\" class=\"wp-image-2748\" srcset=\"https:\/\/klubolimpijczyka.duchu.net\/wp-content\/uploads\/2024\/04\/7-14.jpg 640w, https:\/\/klubolimpijczyka.duchu.net\/wp-content\/uploads\/2024\/04\/7-14-300x225.jpg 300w\" sizes=\"auto, (max-width: 640px) 100vw, 640px\" \/><\/figure>\n\n\n\n<figure class=\"wp-block-image size-large\"><img loading=\"lazy\" decoding=\"async\" width=\"640\" height=\"480\" data-id=\"2749\" src=\"https:\/\/klubolimpijczyka-nowa.duchu.net\/wp-content\/uploads\/2024\/04\/8-11.jpg\" alt=\"\" class=\"wp-image-2749\" srcset=\"https:\/\/klubolimpijczyka.duchu.net\/wp-content\/uploads\/2024\/04\/8-11.jpg 640w, https:\/\/klubolimpijczyka.duchu.net\/wp-content\/uploads\/2024\/04\/8-11-300x225.jpg 300w\" sizes=\"auto, (max-width: 640px) 100vw, 640px\" \/><\/figure>\n\n\n\n<figure class=\"wp-block-image size-large\"><img loading=\"lazy\" decoding=\"async\" width=\"640\" height=\"480\" data-id=\"2754\" src=\"https:\/\/klubolimpijczyka-nowa.duchu.net\/wp-content\/uploads\/2024\/04\/9-8.jpg\" alt=\"\" class=\"wp-image-2754\" srcset=\"https:\/\/klubolimpijczyka.duchu.net\/wp-content\/uploads\/2024\/04\/9-8.jpg 640w, https:\/\/klubolimpijczyka.duchu.net\/wp-content\/uploads\/2024\/04\/9-8-300x225.jpg 300w\" sizes=\"auto, (max-width: 640px) 100vw, 640px\" \/><\/figure>\n<\/figure>\n","protected":false},"excerpt":{"rendered":"<p>Pokazy w gimnastyce artystycznej dziewcz\u0105t &#8211; piramidy &#8211; 21.03.2013r. Jak co roku, od 1991 &#8211; pierwszy dzie\u0144 wiosny, to jednocze\u015bnie \u015bwi\u0119to sportu w naszej szkole. Tego dnia powstaj\u0105 rzeczy niezwyk\u0142e! Startuj\u0105ce (y) daj\u0105 popis swojej sprawno\u015bci, poczucia rytmu i wsp\u00f3\u0142pracy w grupie. W tym roku, po raz pierwszy wystartowa\u0142a grupa ch\u0142opc\u00f3w z klasy VI, dziewcz\u0119ta\u2026 <span class=\"read-more\"><a href=\"https:\/\/klubolimpijczyka.duchu.net\/index.php\/2013\/03\/21\/pokazy-w-gimnastyce-artystycznej-dziewczat-piramidy-21032013r-294\/\">Czytaj dalej &raquo;<\/a><\/span><\/p>\n","protected":false},"author":2,"featured_media":0,"comment_status":"open","ping_status":"open","sticky":false,"template":"","format":"standard","meta":{"footnotes":""},"categories":[1],"tags":[],"class_list":["post-294","post","type-post","status-publish","format-standard","hentry","category-uncategorized"],"_links":{"self":[{"href":"https:\/\/klubolimpijczyka.duchu.net\/index.php\/wp-json\/wp\/v2\/posts\/294","targetHints":{"allow":["GET"]}}],"collection":[{"href":"https:\/\/klubolimpijczyka.duchu.net\/index.php\/wp-json\/wp\/v2\/posts"}],"about":[{"href":"https:\/\/klubolimpijczyka.duchu.net\/index.php\/wp-json\/wp\/v2\/types\/post"}],"author":[{"embeddable":true,"href":"https:\/\/klubolimpijczyka.duchu.net\/index.php\/wp-json\/wp\/v2\/users\/2"}],"replies":[{"embeddable":true,"href":"https:\/\/klubolimpijczyka.duchu.net\/index.php\/wp-json\/wp\/v2\/comments?post=294"}],"version-history":[{"count":1,"href":"https:\/\/klubolimpijczyka.duchu.net\/index.php\/wp-json\/wp\/v2\/posts\/294\/revisions"}],"predecessor-version":[{"id":2756,"href":"https:\/\/klubolimpijczyka.duchu.net\/index.php\/wp-json\/wp\/v2\/posts\/294\/revisions\/2756"}],"wp:attachment":[{"href":"https:\/\/klubolimpijczyka.duchu.net\/index.php\/wp-json\/wp\/v2\/media?parent=294"}],"wp:term":[{"taxonomy":"category","embeddable":true,"href":"https:\/\/klubolimpijczyka.duchu.net\/index.php\/wp-json\/wp\/v2\/categories?post=294"},{"taxonomy":"post_tag","embeddable":true,"href":"https:\/\/klubolimpijczyka.duchu.net\/index.php\/wp-json\/wp\/v2\/tags?post=294"}],"curies":[{"name":"wp","href":"https:\/\/api.w.org\/{rel}","templated":true}]}}