{"id":290,"date":"2013-03-12T12:13:29","date_gmt":"2013-03-12T12:13:29","guid":{"rendered":"https:\/\/klubolimpijczyka-nowa.duchu.net\/?p=290"},"modified":"2024-04-04T11:34:46","modified_gmt":"2024-04-04T11:34:46","slug":"mistrzostwa-europy-w-ice-stocka-2802-203-wieden-290","status":"publish","type":"post","link":"https:\/\/klubolimpijczyka.duchu.net\/index.php\/2013\/03\/12\/mistrzostwa-europy-w-ice-stocka-2802-203-wieden-290\/","title":{"rendered":"MISTRZOSTWA EUROPY W ICE &#8211; STOCK`A 28.02 &#8211; 2.03 WIEDE\u0143"},"content":{"rendered":"<p><b>MISTRZOSTWA EUROPY W ICE &#8211; STOCK`A<br \/>28.02 &#8211; 2.03 WIEDE\u0143<\/b><\/p>\n<p>W zawodach startowa\u0142y dru\u017cyny ze S\u0142owenii, Austrii, Niemiec, W\u0142och, W\u0119gier, Bia\u0142orusi, Czech i Polski. Mi\u0142o nam donie\u015b\u0107, \u017ce bardzo du\u017cy zaszczyt spotka\u0142 uczni\u00f3w naszej szko\u0142y, kt\u00f3rzy reprezentowali nasz kraj, a byli to <b>Kamil Drapich<\/b> i <b>Dawid Gregoruk<\/b>. Opr\u00f3cz nich w dru\u017cynie Polski startowali dwaj zawodnicy z Bydgoszczy. Obaj ch\u0142opcy stwierdzili, \u017ce by\u0142o to niesamowite prze\u017cycie, bior\u0105c pod uwag\u0119 zar\u00f3wno rang\u0119 imprezy, jak i spotkanie zawodnik\u00f3w takiej klasy! Pomimo, \u017ce podr\u00f3\u017c by\u0142a do\u015b\u0107 wyczerpuj\u0105ca, to te wszystkie trudy z ni\u0105 zwi\u0105zane znakomicie zrekompensowa\u0142a mo\u017cliwo\u015b\u0107 startu w tak doborowym towarzystwie i kr\u00f3tkie ale tre\u015bciwe zwiedzanie Wiednia. Jednym s\u0142owem warto by\u0142o trenowa\u0107 i startowa\u0107 &#8211; m\u00f3wi\u0105 Kamil i Dawid. Wszystkich zainteresowanych t\u0105 dyscyplin\u0105 odsy\u0142amy do art. \u201eskr\u00f3cone przepisy gry w Ice &#8211; stock`a\u201d. Ch\u0119tnych zapraszamy ju\u017c dzisiaj na 4.05 do ZSO nr1 w Terespolu na  otwarty Mi\u0119dzynarodowy turniej &#8211; kibice mile widziani!<\/p>\n\n\n<figure class=\"wp-block-gallery has-nested-images columns-default is-cropped wp-block-gallery-1 is-layout-flex wp-block-gallery-is-layout-flex\">\n<figure class=\"wp-block-image size-large\"><img loading=\"lazy\" decoding=\"async\" width=\"640\" height=\"480\" data-id=\"2773\" src=\"https:\/\/klubolimpijczyka-nowa.duchu.net\/wp-content\/uploads\/2024\/04\/1-87.jpg\" alt=\"\" class=\"wp-image-2773\" srcset=\"https:\/\/klubolimpijczyka.duchu.net\/wp-content\/uploads\/2024\/04\/1-87.jpg 640w, https:\/\/klubolimpijczyka.duchu.net\/wp-content\/uploads\/2024\/04\/1-87-300x225.jpg 300w\" sizes=\"auto, (max-width: 640px) 100vw, 640px\" \/><figcaption class=\"wp-element-caption\">SAMSUNG<\/figcaption><\/figure>\n\n\n\n<figure class=\"wp-block-image size-large\"><img loading=\"lazy\" decoding=\"async\" width=\"640\" height=\"480\" data-id=\"2771\" src=\"https:\/\/klubolimpijczyka-nowa.duchu.net\/wp-content\/uploads\/2024\/04\/2-85.jpg\" alt=\"\" class=\"wp-image-2771\" srcset=\"https:\/\/klubolimpijczyka.duchu.net\/wp-content\/uploads\/2024\/04\/2-85.jpg 640w, https:\/\/klubolimpijczyka.duchu.net\/wp-content\/uploads\/2024\/04\/2-85-300x225.jpg 300w\" sizes=\"auto, (max-width: 640px) 100vw, 640px\" \/><figcaption class=\"wp-element-caption\">SAMSUNG<\/figcaption><\/figure>\n\n\n\n<figure class=\"wp-block-image size-large\"><img loading=\"lazy\" decoding=\"async\" width=\"640\" height=\"480\" data-id=\"2772\" src=\"https:\/\/klubolimpijczyka-nowa.duchu.net\/wp-content\/uploads\/2024\/04\/3-82.jpg\" alt=\"\" class=\"wp-image-2772\" srcset=\"https:\/\/klubolimpijczyka.duchu.net\/wp-content\/uploads\/2024\/04\/3-82.jpg 640w, https:\/\/klubolimpijczyka.duchu.net\/wp-content\/uploads\/2024\/04\/3-82-300x225.jpg 300w\" sizes=\"auto, (max-width: 640px) 100vw, 640px\" \/><figcaption class=\"wp-element-caption\">SAMSUNG<\/figcaption><\/figure>\n<\/figure>\n","protected":false},"excerpt":{"rendered":"<p>MISTRZOSTWA EUROPY W ICE &#8211; STOCK`A28.02 &#8211; 2.03 WIEDE\u0143 W zawodach startowa\u0142y dru\u017cyny ze S\u0142owenii, Austrii, Niemiec, W\u0142och, W\u0119gier, Bia\u0142orusi, Czech i Polski. Mi\u0142o nam donie\u015b\u0107, \u017ce bardzo du\u017cy zaszczyt spotka\u0142 uczni\u00f3w naszej szko\u0142y, kt\u00f3rzy reprezentowali nasz kraj, a byli to Kamil Drapich i Dawid Gregoruk. Opr\u00f3cz nich w dru\u017cynie Polski startowali dwaj zawodnicy z\u2026 <span class=\"read-more\"><a href=\"https:\/\/klubolimpijczyka.duchu.net\/index.php\/2013\/03\/12\/mistrzostwa-europy-w-ice-stocka-2802-203-wieden-290\/\">Czytaj dalej &raquo;<\/a><\/span><\/p>\n","protected":false},"author":2,"featured_media":0,"comment_status":"open","ping_status":"open","sticky":false,"template":"","format":"standard","meta":{"footnotes":""},"categories":[1],"tags":[],"class_list":["post-290","post","type-post","status-publish","format-standard","hentry","category-uncategorized"],"_links":{"self":[{"href":"https:\/\/klubolimpijczyka.duchu.net\/index.php\/wp-json\/wp\/v2\/posts\/290","targetHints":{"allow":["GET"]}}],"collection":[{"href":"https:\/\/klubolimpijczyka.duchu.net\/index.php\/wp-json\/wp\/v2\/posts"}],"about":[{"href":"https:\/\/klubolimpijczyka.duchu.net\/index.php\/wp-json\/wp\/v2\/types\/post"}],"author":[{"embeddable":true,"href":"https:\/\/klubolimpijczyka.duchu.net\/index.php\/wp-json\/wp\/v2\/users\/2"}],"replies":[{"embeddable":true,"href":"https:\/\/klubolimpijczyka.duchu.net\/index.php\/wp-json\/wp\/v2\/comments?post=290"}],"version-history":[{"count":1,"href":"https:\/\/klubolimpijczyka.duchu.net\/index.php\/wp-json\/wp\/v2\/posts\/290\/revisions"}],"predecessor-version":[{"id":2774,"href":"https:\/\/klubolimpijczyka.duchu.net\/index.php\/wp-json\/wp\/v2\/posts\/290\/revisions\/2774"}],"wp:attachment":[{"href":"https:\/\/klubolimpijczyka.duchu.net\/index.php\/wp-json\/wp\/v2\/media?parent=290"}],"wp:term":[{"taxonomy":"category","embeddable":true,"href":"https:\/\/klubolimpijczyka.duchu.net\/index.php\/wp-json\/wp\/v2\/categories?post=290"},{"taxonomy":"post_tag","embeddable":true,"href":"https:\/\/klubolimpijczyka.duchu.net\/index.php\/wp-json\/wp\/v2\/tags?post=290"}],"curies":[{"name":"wp","href":"https:\/\/api.w.org\/{rel}","templated":true}]}}