{"id":269,"date":"2012-09-25T12:28:06","date_gmt":"2012-09-25T12:28:06","guid":{"rendered":"https:\/\/klubolimpijczyka-nowa.duchu.net\/?p=269"},"modified":"2024-04-04T16:43:55","modified_gmt":"2024-04-04T16:43:55","slug":"xiv-sejmik-klubow-olimpijczyka-regionalnych-rad-polskiego-komitetu-olimpijskiego-i-szkol-polskich-olimpijczykow-inowroclaw-2123092012r-269","status":"publish","type":"post","link":"https:\/\/klubolimpijczyka.duchu.net\/index.php\/2012\/09\/25\/xiv-sejmik-klubow-olimpijczyka-regionalnych-rad-polskiego-komitetu-olimpijskiego-i-szkol-polskich-olimpijczykow-inowroclaw-2123092012r-269\/","title":{"rendered":"XIV Sejmik Klub\u00f3w Olimpijczyka, Regionalnych Rad Polskiego Komitetu Olimpijskiego i Szk\u00f3\u0142 polskich Olimpijczyk\u00f3w, Inowroc\u0142aw, 21-23.09.2012r."},"content":{"rendered":"<p><b>XIV Sejmik Klub\u00f3w Olimpijczyka, Regionalnych Rad Polskiego Komitetu Olimpijskiego i Szk\u00f3\u0142 polskich Olimpijczyk\u00f3w, Inowroc\u0142aw, 21-23.09.2012r.<\/b><\/p>\n<p>Inowroc\u0142aw okaza\u0142 si\u0119 by\u0107 niezwykle go\u015bcinnym gospodarzem Sejmiku. Organizatorzy na czele z prezydentem Ryszardem Brejz\u0105, sprawili, \u017ce go\u015bcie, kt\u00f3rzy do Inowroc\u0142awia przyjechali z ca\u0142ego kraju czuli si\u0119 w Inowroc\u0142awiu wspaniale! Du\u017cy wk\u0142ad w sprawne przeprowadzenie Sejmiku mia\u0142a S\u0142u\u017cba Wi\u0119zienna. Has\u0142em przewodnim by\u0142o: \u201eRola sportu w procesie wychowania&#8221;.<\/p>\n<p>Sejmik w Inowroc\u0142awiu ju\u017c tradycyjnie sta\u0142 si\u0119 miejscem wymiany do\u015bwiadcze\u0144, a tak\u017ce okazj\u0105 pochwalenia si\u0119 sukcesami jakie poszczeg\u00f3lne terenowe ogniwa ruchu olimpijskiego odgrywaj\u0105 w promowaniu olimpijskich idea\u0142\u00f3w, zasad fair play czy w upowszechnianiu sportu w og\u00f3le. Rozmowy, prezentacje przygotowanych przez siebie film\u00f3w i kolekcji fotografii, wymiana danych adresowych bez w\u0105tpienia zaprocentuj\u0105 bli\u017cszymi kontaktami poszczeg\u00f3lnych klub\u00f3w, rad regionalnych i szk\u00f3\u0142 i dobrze b\u0119d\u0105  s\u0142u\u017cy\u0107 ruchowi olimpijskiemu. Ju\u017c teraz mowa by\u0142a o kolejnym podobnym spotkaniu, za dwa lata. Miejsca jeszcze nie ustalono, ale Wiola Zbytek na jubileuszowy, pi\u0119tnasty Sejmik zaprosi\u0142a w imieniu w\u0142adz do Kalisza Pomorskiego.<\/p>\n<p>W\u015br\u00f3d goszcz\u0105cych na Sejmiku by\u0142 obecny r\u00f3wnie\u017c Klub Olimpijczyka z Terespola reprezentowany przez Kasi\u0119 Polaczuk i Krystyn\u0119 Pucer. Gospodarze przygotowali wiele atrakcji towarzysz\u0105cych Sejmikowi. By\u0142y zawody lekkoatletyczne (memoria\u0142 Tadeusza Ka\u017amierskiego) na przepi\u0119knym inowroc\u0142awskim stadionie (w ceremonii ich otwarcia, obok gospodarzy miasta uczestniczy\u0142 sekretarz generalny PKOl Adam Krzesi\u0144ski); by\u0142a te\u017c wyprawa do pobliskiej Kruszwicy gdzie zwiedzali\u015bmy Mysi\u0105 Wie\u017c\u0119 i p\u0142ywali\u015bmy statkiem po pobliskich jeziorach. Jednak najwi\u0119ksze wra\u017cenie wywar\u0142a na nas wizyta w areszcie \u015bledczym. Pozna\u0142y\u015bmy warunki pobytu za murami oraz zasady jego funkcjonowania. Mia\u0142y\u015bmy r\u00f3wnie\u017c okazj\u0119 zapozna\u0107 si\u0119 z dzia\u0142alno\u015bci\u0105 funkcjonuj\u0105cego od lat w miejscowym areszcie Klubu Olimpijczyka \u201eParagraf\u201d. Dzi\u0119kujemy w spos\u00f3b szczeg\u00f3lny kpt. Mariuszowi Budnemu i por. Arnoldowi Stankiewiczowi oraz ich prze\u0142o\u017conym za t\u0119 pouczaj\u0105c\u0105 wizyt\u0119. Do zobaczenia Rodzino Olimpijska za dwa lata!<\/p>\n\n\n<figure class=\"wp-block-gallery has-nested-images columns-default is-cropped wp-block-gallery-1 is-layout-flex wp-block-gallery-is-layout-flex\">\n<figure class=\"wp-block-image size-large\"><img loading=\"lazy\" decoding=\"async\" width=\"300\" height=\"225\" data-id=\"2861\" src=\"https:\/\/klubolimpijczyka-nowa.duchu.net\/wp-content\/uploads\/2024\/04\/1-103.jpg\" alt=\"\" class=\"wp-image-2861\"\/><\/figure>\n\n\n\n<figure class=\"wp-block-image size-large\"><img loading=\"lazy\" decoding=\"async\" width=\"300\" height=\"225\" data-id=\"2862\" src=\"https:\/\/klubolimpijczyka-nowa.duchu.net\/wp-content\/uploads\/2024\/04\/2-103.jpg\" alt=\"\" class=\"wp-image-2862\"\/><\/figure>\n\n\n\n<figure class=\"wp-block-image size-large\"><img loading=\"lazy\" decoding=\"async\" width=\"300\" height=\"225\" data-id=\"2863\" src=\"https:\/\/klubolimpijczyka-nowa.duchu.net\/wp-content\/uploads\/2024\/04\/3-99.jpg\" alt=\"\" class=\"wp-image-2863\"\/><\/figure>\n<\/figure>\n","protected":false},"excerpt":{"rendered":"<p>XIV Sejmik Klub\u00f3w Olimpijczyka, Regionalnych Rad Polskiego Komitetu Olimpijskiego i Szk\u00f3\u0142 polskich Olimpijczyk\u00f3w, Inowroc\u0142aw, 21-23.09.2012r. Inowroc\u0142aw okaza\u0142 si\u0119 by\u0107 niezwykle go\u015bcinnym gospodarzem Sejmiku. Organizatorzy na czele z prezydentem Ryszardem Brejz\u0105, sprawili, \u017ce go\u015bcie, kt\u00f3rzy do Inowroc\u0142awia przyjechali z ca\u0142ego kraju czuli si\u0119 w Inowroc\u0142awiu wspaniale! Du\u017cy wk\u0142ad w sprawne przeprowadzenie Sejmiku mia\u0142a S\u0142u\u017cba Wi\u0119zienna. Has\u0142em\u2026 <span class=\"read-more\"><a href=\"https:\/\/klubolimpijczyka.duchu.net\/index.php\/2012\/09\/25\/xiv-sejmik-klubow-olimpijczyka-regionalnych-rad-polskiego-komitetu-olimpijskiego-i-szkol-polskich-olimpijczykow-inowroclaw-2123092012r-269\/\">Czytaj dalej &raquo;<\/a><\/span><\/p>\n","protected":false},"author":2,"featured_media":0,"comment_status":"open","ping_status":"open","sticky":false,"template":"","format":"standard","meta":{"footnotes":""},"categories":[1],"tags":[],"class_list":["post-269","post","type-post","status-publish","format-standard","hentry","category-uncategorized"],"_links":{"self":[{"href":"https:\/\/klubolimpijczyka.duchu.net\/index.php\/wp-json\/wp\/v2\/posts\/269","targetHints":{"allow":["GET"]}}],"collection":[{"href":"https:\/\/klubolimpijczyka.duchu.net\/index.php\/wp-json\/wp\/v2\/posts"}],"about":[{"href":"https:\/\/klubolimpijczyka.duchu.net\/index.php\/wp-json\/wp\/v2\/types\/post"}],"author":[{"embeddable":true,"href":"https:\/\/klubolimpijczyka.duchu.net\/index.php\/wp-json\/wp\/v2\/users\/2"}],"replies":[{"embeddable":true,"href":"https:\/\/klubolimpijczyka.duchu.net\/index.php\/wp-json\/wp\/v2\/comments?post=269"}],"version-history":[{"count":1,"href":"https:\/\/klubolimpijczyka.duchu.net\/index.php\/wp-json\/wp\/v2\/posts\/269\/revisions"}],"predecessor-version":[{"id":2864,"href":"https:\/\/klubolimpijczyka.duchu.net\/index.php\/wp-json\/wp\/v2\/posts\/269\/revisions\/2864"}],"wp:attachment":[{"href":"https:\/\/klubolimpijczyka.duchu.net\/index.php\/wp-json\/wp\/v2\/media?parent=269"}],"wp:term":[{"taxonomy":"category","embeddable":true,"href":"https:\/\/klubolimpijczyka.duchu.net\/index.php\/wp-json\/wp\/v2\/categories?post=269"},{"taxonomy":"post_tag","embeddable":true,"href":"https:\/\/klubolimpijczyka.duchu.net\/index.php\/wp-json\/wp\/v2\/tags?post=269"}],"curies":[{"name":"wp","href":"https:\/\/api.w.org\/{rel}","templated":true}]}}