{"id":203,"date":"2010-12-20T19:54:41","date_gmt":"2010-12-20T19:54:41","guid":{"rendered":"https:\/\/klubolimpijczyka-nowa.duchu.net\/?p=203"},"modified":"2024-04-06T08:25:23","modified_gmt":"2024-04-06T08:25:23","slug":"podsumowanie-wpolzawodnictwa-sportowego-powiatu-bialskiego-za-rok-szkolny-20092010-203","status":"publish","type":"post","link":"https:\/\/klubolimpijczyka.duchu.net\/index.php\/2010\/12\/20\/podsumowanie-wpolzawodnictwa-sportowego-powiatu-bialskiego-za-rok-szkolny-20092010-203\/","title":{"rendered":"PODSUMOWANIE WP\u00d3\u0141ZAWODNICTWA SPORTOWEGO POWIATU BIALSKIEGO ZA ROK SZKOLNY 2009\/2010"},"content":{"rendered":"<p><b>PODSUMOWANIE WP\u00d3\u0141ZAWODNICTWA SPORTOWEGO POWIATU BIALSKIEGO ZA ROK SZKOLNY 2009\/2010<br \/><\/b><\/p>\n<p>Tradycyjnie Bialski Szkolny Zwi\u0105zek Sportowy podsumowa\u0142 wsp\u00f3\u0142zawodnictwo Sportowe szk\u00f3\u0142 na terenie powiatu bialskiego. Uroczysto\u015b\u0107 odby\u0142a si\u0119 w hali Miejskiego O\u015brodka Kultury w Terespolu. Podsumowanie rozpocz\u0119\u0142o si\u0119 od wniesienia i wci\u0105gni\u0119cia flagi olimpijskiej przy d\u017awi\u0119kach hymnu olimpijskiego. Dokonali tego: Sylwia Magielnicka-reprezentantka Polski w mi\u0119dzynarodowym o\u015bmiomeczu dzieci w biegu na 300 metr\u00f3w, Anna Buczy\u0142o- wicemistrzyni wojew\u00f3dztwa w biegach prze\u0142ajowych oraz Dominika Nied\u017awiedziuk &#8211; finalistka czwartk\u00f3w og\u00f3lnopolskich w biegu na 60 metr\u00f3w. Nast\u0119pnie dyrektor Publicznego Gimnazjum nr 1 w Terespolu, Zenon Iwanowski wni\u00f3s\u0142 znicz olimpijski i przekaza\u0142 go Patrycji Buczy\u0142o- mistrzyni wojew\u00f3dztwa w biegach prze\u0142ajowych, Marlenie Rafa\u0142ko i Paulinie P\u0142andowskiej &#8211; br\u0105zowym medalistkom wojew\u00f3dztwa w biegach prze\u0142ajowych, za\u015b odpalenia znicza dokona\u0142 Micha\u0142 Sobolewski &#8211; reprezentant kraju w mi\u0119dzynarodowym o\u015bmiomeczu dzieci w biegu na 100 metr\u00f3w. Nast\u0119pnie rozpocz\u0119\u0142a si\u0119 g\u0142\u00f3wna uroczysto\u015b\u0107 podsumowuj\u0105ca wsp\u00f3\u0142zawodnictwo.<br \/>Nagrody wr\u0119czali znakomici go\u015bcie: starosta Tadeusz \u0141azowski, cz\u0142onek Zarz\u0105du Starostwa Marzenna Andrzejuk, dyrektor Wydzia\u0142u Spraw Spo\u0142ecznych Marianna Tumi\u0142owicz, kierownik Bialskiego Oddzia\u0142u Lubelskiego Kuratorium O\u015bwiaty Andrzej Mironiuk, przewodnicz\u0105cy Bialskiego Zwi\u0105zku Sportowego Maciej Kosik, radny  powiatu Mariusz So\u0142oducha<br \/> &nbsp;W kategorii do stu uczni\u00f3w pierwsze miejsce zaj\u0119\u0142a Szko\u0142a Podstawowa z Sitnika, kt\u00f3ra zgromadzi\u0142a 690pkt, wygrywaj\u0105c ze SP nr 2 w Terespolu &#8211; 630 pkt, SP z Motnicy &#8211; 580 pkt, SP z Kijowca &#8211; 490 pkt, SP w Woskrzenicach Du\u017cych &#8211; 430 pkt oraz SP w Grabanowie &#8211; 280 pkt <br \/>Rywalizacj\u0119 w\u015br\u00f3d Szk\u00f3\u0142 Podstawowych powy\u017cej stu uczni\u00f3w zdominowali reprezentanci SP nr 1 w Terespolu, z dorobkiem 1860 pkt. Kolejne lokaty przypad\u0142y: SP nr 3 w Mi\u0119dzyrzecu Podlaskim &#8211; 1230 pkt, SP w Rokitnie &#8211; 860 pkt, SP nr 2 w Mi\u0119dzyrzecu Podlaskim &#8211; 720 pkt, SP z Wisznic -610 pkt, SP w Ciciborze Du\u017cym -580 pkt <br \/>W\u015br\u00f3d Szk\u00f3\u0142 Gimnazjalnych palma pierwsze\u0144stwa nale\u017ca\u0142a do Gimnazjum Sportowego nr 3 w Mi\u0119dzyrzecu Podlaskim, kt\u00f3re zdoby\u0142o 1960 pkt. Drugie miejsce zdoby\u0142o Publiczne Gimnazjum nr 1 w Terespolu &#8211; 1620 pkt, za\u015b najni\u017csze miejsce  na  podium  zarezerwowali sobie reprezentanci Publicznego Gimnazjum ze S\u0142awatycz &#8211; 1320 pkt. Kolejne miejsce zdobyli: Publiczne Gimnazjum nr 1 w Piszczacu &#8211; 1130 pkt, Gimnazjum z Konstantynowa &#8211; 960 pkt oraz Gimnazjum w Rokitnie &#8211; 870 pkt <br \/>W najstarszej grupie bezdyskusyjnie zwyci\u0119stwo odnios\u0142o Liceum Og\u00f3lnokszta\u0142c\u0105ce w Terespolu z dorobkiem 2100pkt.. Za nimi uplasowa\u0142y si\u0119: Liceum Og\u00f3lnokszta\u0142c\u0105ce w Mi\u0119dzyrzecu Podlaskim  &#8211; 1620  pkt.     Liceum  Og\u00f3lnokszta\u0142c\u0105ce w Wisznicach &#8211; 1060 pkt, Zesp\u00f3\u0142 Szk\u00f3\u0142 Ekonomicznych w Mi\u0119dzyrzecu Podlaskim &#8211; 820 pkt, Zesp\u00f3\u0142 Szk\u00f3\u0142 w Ma\u0142aszewiczach &#8211; 720 pkt, Zesp\u00f3\u0142 Szk\u00f3\u0142 w Janowie Podlaskim, ZS CKR w Le\u015bnej Podlaskiej &#8211; 580 pkt i Zesp\u00f3\u0142 Szk\u00f3\u0142 Ponadgimnazjalnych w Mi\u0119dzyrzecu Podlaskim &#8211; 520 pkt<br \/>Na wniosek Bialskiego Szkolnego Zwi\u0105zku Sportowego w Bia\u0142ej Podlaskiej starosta bialski przyzna\u0142 medale Zas\u0142u\u017conych dla Powiatu bialskiego Zbigniewowi Bernatowi, Tadeuszowi \u0141ukasikowi, Andrzejowi Korbalowi oraz Renacie Nowickiej. <br \/>Listy gratulacyjne nauczycielom od starosty powiatu bialskiego za wyniki sportowe w fina\u0142ach wojew\u00f3dzkich odebrali: Wojciech Luba\u0144ski (SP nr 3 w Mi\u0119dzyrzec Podlaski), Grzegorz Machnowski (SP nr 1 Terespol), Grzegorz Jakuszko (PG nr 1 Terespol), Zbigniew Bernat (Gimn. S port.   nr 3    Miedzyrzec Podlaski), Anna Egier (Gimn. Sport. Nr 3 Mi\u0119dzyrzec Podlaski), Dorota Plewka (LO Mi\u0119dzyrzec Podlaski), Andrzej Korbal (LO Terespol) i Krystyna Pucer (LO Terespol)<br \/>Na  podstawie uchwa\u0142y rady powiatu,   starosta bialski przyzna\u0142 nagrody za osi\u0105gni\u0119cia sportowe zawodnik\u00f3w, opiekun\u00f3w i dzia\u0142aczy: Wojciechowi Luba\u0144skiemu, Tadeuszowi Maziejukowi , Stanis\u0142awowi Polaczukowi, Paw\u0142owi Ptasi\u0144skiemu, Franciszkowi Szablukowi, Konradowi Zielonce oraz Klubowi UKS Hetman Sosn\u00f3wka. <br \/>Uroczysto\u015b\u0107 u\u015bwietni\u0142y wyst\u0119py zespo\u0142u tanecznego \u201eFlesz\u201d, wyst\u0119py wokalist\u00f3w i solistek ch\u00f3ru szkolnego \u201eCORDA VOX\u201d: Ma\u0142gorzaty Weres, Ma\u0142gorzaty Oleszczuk, Moniki Sereda, Pauliny Stasiuk. Pokazy rwania i podrzutu w wykonaniu Skolimowskiego. Najwi\u0119kszym hitem by\u0142 wyst\u0119p Karola Iwanowskiego i Dominiki Leszczy\u0144skiej &#8211; reprezentant\u00f3w klubu ta\u0144ca towarzyskiego \u201eAIDA\u201d z Bia\u0142ej Podlaskiej, wielokrotnych zdobywc\u00f3w medalowych miejsc na turniejach og\u00f3lnopolskich i mi\u0119dzynarodowych, posiadaczy klasy A w kategorii ta\u0144c\u00f3w latynoameryka\u0144skich i standardowych.<\/p>\n\n\n<figure class=\"wp-block-gallery has-nested-images columns-default is-cropped wp-block-gallery-1 is-layout-flex wp-block-gallery-is-layout-flex\">\n<figure class=\"wp-block-image size-large\"><img loading=\"lazy\" decoding=\"async\" width=\"500\" height=\"375\" data-id=\"3214\" src=\"https:\/\/klubolimpijczyka-nowa.duchu.net\/wp-content\/uploads\/2024\/04\/1-154.jpg\" alt=\"\" class=\"wp-image-3214\" srcset=\"https:\/\/klubolimpijczyka.duchu.net\/wp-content\/uploads\/2024\/04\/1-154.jpg 500w, https:\/\/klubolimpijczyka.duchu.net\/wp-content\/uploads\/2024\/04\/1-154-300x225.jpg 300w\" sizes=\"auto, (max-width: 500px) 100vw, 500px\" \/><\/figure>\n\n\n\n<figure class=\"wp-block-image size-large\"><img loading=\"lazy\" decoding=\"async\" width=\"500\" height=\"375\" data-id=\"3216\" src=\"https:\/\/klubolimpijczyka-nowa.duchu.net\/wp-content\/uploads\/2024\/04\/2-154.jpg\" alt=\"\" class=\"wp-image-3216\" srcset=\"https:\/\/klubolimpijczyka.duchu.net\/wp-content\/uploads\/2024\/04\/2-154.jpg 500w, https:\/\/klubolimpijczyka.duchu.net\/wp-content\/uploads\/2024\/04\/2-154-300x225.jpg 300w\" sizes=\"auto, (max-width: 500px) 100vw, 500px\" \/><\/figure>\n\n\n\n<figure class=\"wp-block-image size-large\"><img loading=\"lazy\" decoding=\"async\" width=\"400\" height=\"300\" data-id=\"3215\" src=\"https:\/\/klubolimpijczyka-nowa.duchu.net\/wp-content\/uploads\/2024\/04\/3-149.jpg\" alt=\"\" class=\"wp-image-3215\" srcset=\"https:\/\/klubolimpijczyka.duchu.net\/wp-content\/uploads\/2024\/04\/3-149.jpg 400w, https:\/\/klubolimpijczyka.duchu.net\/wp-content\/uploads\/2024\/04\/3-149-300x225.jpg 300w\" sizes=\"auto, (max-width: 400px) 100vw, 400px\" \/><\/figure>\n<\/figure>\n","protected":false},"excerpt":{"rendered":"<p>PODSUMOWANIE WP\u00d3\u0141ZAWODNICTWA SPORTOWEGO POWIATU BIALSKIEGO ZA ROK SZKOLNY 2009\/2010 Tradycyjnie Bialski Szkolny Zwi\u0105zek Sportowy podsumowa\u0142 wsp\u00f3\u0142zawodnictwo Sportowe szk\u00f3\u0142 na terenie powiatu bialskiego. Uroczysto\u015b\u0107 odby\u0142a si\u0119 w hali Miejskiego O\u015brodka Kultury w Terespolu. Podsumowanie rozpocz\u0119\u0142o si\u0119 od wniesienia i wci\u0105gni\u0119cia flagi olimpijskiej przy d\u017awi\u0119kach hymnu olimpijskiego. Dokonali tego: Sylwia Magielnicka-reprezentantka Polski w mi\u0119dzynarodowym o\u015bmiomeczu dzieci w\u2026 <span class=\"read-more\"><a href=\"https:\/\/klubolimpijczyka.duchu.net\/index.php\/2010\/12\/20\/podsumowanie-wpolzawodnictwa-sportowego-powiatu-bialskiego-za-rok-szkolny-20092010-203\/\">Czytaj dalej &raquo;<\/a><\/span><\/p>\n","protected":false},"author":2,"featured_media":0,"comment_status":"open","ping_status":"open","sticky":false,"template":"","format":"standard","meta":{"footnotes":""},"categories":[1],"tags":[],"class_list":["post-203","post","type-post","status-publish","format-standard","hentry","category-uncategorized"],"_links":{"self":[{"href":"https:\/\/klubolimpijczyka.duchu.net\/index.php\/wp-json\/wp\/v2\/posts\/203","targetHints":{"allow":["GET"]}}],"collection":[{"href":"https:\/\/klubolimpijczyka.duchu.net\/index.php\/wp-json\/wp\/v2\/posts"}],"about":[{"href":"https:\/\/klubolimpijczyka.duchu.net\/index.php\/wp-json\/wp\/v2\/types\/post"}],"author":[{"embeddable":true,"href":"https:\/\/klubolimpijczyka.duchu.net\/index.php\/wp-json\/wp\/v2\/users\/2"}],"replies":[{"embeddable":true,"href":"https:\/\/klubolimpijczyka.duchu.net\/index.php\/wp-json\/wp\/v2\/comments?post=203"}],"version-history":[{"count":2,"href":"https:\/\/klubolimpijczyka.duchu.net\/index.php\/wp-json\/wp\/v2\/posts\/203\/revisions"}],"predecessor-version":[{"id":3217,"href":"https:\/\/klubolimpijczyka.duchu.net\/index.php\/wp-json\/wp\/v2\/posts\/203\/revisions\/3217"}],"wp:attachment":[{"href":"https:\/\/klubolimpijczyka.duchu.net\/index.php\/wp-json\/wp\/v2\/media?parent=203"}],"wp:term":[{"taxonomy":"category","embeddable":true,"href":"https:\/\/klubolimpijczyka.duchu.net\/index.php\/wp-json\/wp\/v2\/categories?post=203"},{"taxonomy":"post_tag","embeddable":true,"href":"https:\/\/klubolimpijczyka.duchu.net\/index.php\/wp-json\/wp\/v2\/tags?post=203"}],"curies":[{"name":"wp","href":"https:\/\/api.w.org\/{rel}","templated":true}]}}