{"id":187,"date":"2010-06-20T15:03:29","date_gmt":"2010-06-20T15:03:29","guid":{"rendered":"https:\/\/klubolimpijczyka-nowa.duchu.net\/?p=187"},"modified":"2024-04-05T08:52:30","modified_gmt":"2024-04-05T08:52:30","slug":"ix-olimpiada-przedszkolakow-187","status":"publish","type":"post","link":"https:\/\/klubolimpijczyka.duchu.net\/index.php\/2010\/06\/20\/ix-olimpiada-przedszkolakow-187\/","title":{"rendered":"IX Olimpiada Przedszkolak\u00f3w"},"content":{"rendered":"<p><b>8.06. 2010r &#8211; Terespol &#8211; IX Olimpiada Przedszkolak\u00f3w<\/b><\/p>\n<p>Olimpiada rozpocz\u0119\u0142a si\u0119 od uroczystego przemarszu dzieci po p\u0142ycie boiska. <b>Flag\u0119 olimpijsk\u0105 na stadion wnie\u015bli: Paulina Tymon, Weronika Wszo\u0142a, Karol Jawtoszuk, Hubert<\/b> <b>Androsiuk, Kuba Ku\u017ako i Asia Tarkowska.<\/b> <b>Pochodnie wnios\u0142y: Oliwka Bojczewska i<\/b> <b>pani Joanna Oleszczuk<\/b> &#8211; dyrektor Przedszkola Miejskiego w Terespolu i zapali\u0142y znicz Olimpijski. Dzieci wci\u0105gn\u0119\u0142y flag\u0119 olimpijsk\u0105 na maszt. G\u0142os zabra\u0142 Burmistrz miasta Terespol. Powita\u0142 dzieci, rodzic\u00f3w i opiekun\u00f3w, oraz terespolsk\u0105 m\u0142odzie\u017c, kt\u00f3ra tradycyjnie bra\u0142a udzia\u0142 w przygotowaniu i przeprowadzeniu zawod\u00f3w.<b>Dyrektor, pani Joanna Oleszczuk  <\/b>dzi\u0119kowa\u0142a organizatorom za inicjatyw\u0119 i dokona\u0142a oficjalnego otwarcia IX Olimpiady Przedszkolak\u00f3w.<br \/>Rozpocz\u0119\u0142y si\u0119 zawody. Nie by\u0142o przegranych, ani zwyci\u0119zc\u00f3w. Konkurencje by\u0142y dostosowane do wieku i mo\u017cliwo\u015bci dzieci. Organizatorzy przygotowali ich ponad 20. Wida\u0107 by\u0142o, \u017ce wysi\u0142ek sprawia dzieciakom wielk\u0105 frajd\u0119. Na twarzach milusi\u0144skich go\u015bci\u0142y determinacja, ale i u\u015bmiech. I o to nam chodzi\u0142o! Dopingowa\u0142y panie przedszkolanki, rodzice, organizatorzy, a nawet pan burmistrz! <b>Uroczystego posumowania dokona\u0142 burmistrz Jacek Danieluk.<\/b> Pogratulowa\u0142 dzieciom sprawno\u015bci fizycznej, wyrazi\u0142 nadziej\u0119, \u017ce by\u0107 mo\u017ce w przysz\u0142o\u015bci wyrosn\u0105 z nich sportowcy reprezentuj\u0105cy nasz kraj w zawodach mi\u0119dzynarodowych. Tego im \u017cyczy\u0142. Na r\u0119ce dyrektor Joanny Oleszczuk wr\u0119czy\u0142 dyplom dla Przedszkola Miejskiego w Terespolu za udzia\u0142 w kolejnej Olimpiadzie. Nast\u0119pnie wr\u0119czy\u0142 nagrody ufundowane przez Urz\u0105d Miasta w Terespolu na og\u00f3ln\u0105 kwot\u0119 1000 tys. z\u0142otych. Zostan\u0105 one w przedszkolu i b\u0119d\u0105 s\u0142u\u017cy\u0142y wszystkim dzieciom. W\u015br\u00f3d nagr\u00f3d by\u0142y: 3 chusty animacyjne, gry planszowe, gry zr\u0119czno\u015bciowe i profesjonalne wst\u0105\u017cki do gimnastyki artystycznej. Gratulujemy! Dzi\u0119kujemy! Ka\u017cdy z uczestnik\u00f3w otrzyma\u0142 przepi\u0119kny pami\u0105tkowy dyplom, kt\u00f3ry specjalnie na t\u0119 okazj\u0119 kolejny rok z rz\u0119du zaprojektowa\u0142a Karolina Kowalczyk.<br \/>Na koniec m\u0142odzi zawodnicy, panie przedszkolanki, pan burmistrz oraz m\u0142odzie\u017c z przygotowanymi przez siebie skrzatami i klaunami zrobili wsp\u00f3lne pami\u0105tkowe zdj\u0119cie.<br \/><b>Do zobaczenia za rok na X Olimpiadzie Przedszkolaka!<\/b><\/p>\n\n\n<figure class=\"wp-block-gallery has-nested-images columns-default is-cropped wp-block-gallery-1 is-layout-flex wp-block-gallery-is-layout-flex\">\n<figure class=\"wp-block-image size-large\"><img loading=\"lazy\" decoding=\"async\" width=\"500\" height=\"375\" data-id=\"2927\" src=\"https:\/\/klubolimpijczyka-nowa.duchu.net\/wp-content\/uploads\/2024\/04\/1-112.jpg\" alt=\"\" class=\"wp-image-2927\" srcset=\"https:\/\/klubolimpijczyka.duchu.net\/wp-content\/uploads\/2024\/04\/1-112.jpg 500w, https:\/\/klubolimpijczyka.duchu.net\/wp-content\/uploads\/2024\/04\/1-112-300x225.jpg 300w\" sizes=\"auto, (max-width: 500px) 100vw, 500px\" \/><\/figure>\n\n\n\n<figure class=\"wp-block-image size-large\"><img loading=\"lazy\" decoding=\"async\" width=\"500\" height=\"375\" data-id=\"2926\" src=\"https:\/\/klubolimpijczyka-nowa.duchu.net\/wp-content\/uploads\/2024\/04\/2-112.jpg\" alt=\"\" class=\"wp-image-2926\" srcset=\"https:\/\/klubolimpijczyka.duchu.net\/wp-content\/uploads\/2024\/04\/2-112.jpg 500w, https:\/\/klubolimpijczyka.duchu.net\/wp-content\/uploads\/2024\/04\/2-112-300x225.jpg 300w\" sizes=\"auto, (max-width: 500px) 100vw, 500px\" \/><\/figure>\n\n\n\n<figure class=\"wp-block-image size-large\"><img loading=\"lazy\" decoding=\"async\" width=\"500\" height=\"375\" data-id=\"2933\" src=\"https:\/\/klubolimpijczyka-nowa.duchu.net\/wp-content\/uploads\/2024\/04\/4-80.jpg\" alt=\"\" class=\"wp-image-2933\" srcset=\"https:\/\/klubolimpijczyka.duchu.net\/wp-content\/uploads\/2024\/04\/4-80.jpg 500w, https:\/\/klubolimpijczyka.duchu.net\/wp-content\/uploads\/2024\/04\/4-80-300x225.jpg 300w\" sizes=\"auto, (max-width: 500px) 100vw, 500px\" \/><\/figure>\n\n\n\n<figure class=\"wp-block-image size-large\"><img loading=\"lazy\" decoding=\"async\" width=\"500\" height=\"375\" data-id=\"2931\" src=\"https:\/\/klubolimpijczyka-nowa.duchu.net\/wp-content\/uploads\/2024\/04\/5-78.jpg\" alt=\"\" class=\"wp-image-2931\" srcset=\"https:\/\/klubolimpijczyka.duchu.net\/wp-content\/uploads\/2024\/04\/5-78.jpg 500w, https:\/\/klubolimpijczyka.duchu.net\/wp-content\/uploads\/2024\/04\/5-78-300x225.jpg 300w\" sizes=\"auto, (max-width: 500px) 100vw, 500px\" \/><\/figure>\n\n\n\n<figure class=\"wp-block-image size-large\"><img loading=\"lazy\" decoding=\"async\" width=\"500\" height=\"375\" data-id=\"2932\" src=\"https:\/\/klubolimpijczyka-nowa.duchu.net\/wp-content\/uploads\/2024\/04\/6-76.jpg\" alt=\"\" class=\"wp-image-2932\" srcset=\"https:\/\/klubolimpijczyka.duchu.net\/wp-content\/uploads\/2024\/04\/6-76.jpg 500w, https:\/\/klubolimpijczyka.duchu.net\/wp-content\/uploads\/2024\/04\/6-76-300x225.jpg 300w\" sizes=\"auto, (max-width: 500px) 100vw, 500px\" \/><\/figure>\n\n\n\n<figure class=\"wp-block-image size-large\"><img loading=\"lazy\" decoding=\"async\" width=\"375\" height=\"500\" data-id=\"2929\" src=\"https:\/\/klubolimpijczyka-nowa.duchu.net\/wp-content\/uploads\/2024\/04\/7-16.jpg\" alt=\"\" class=\"wp-image-2929\" srcset=\"https:\/\/klubolimpijczyka.duchu.net\/wp-content\/uploads\/2024\/04\/7-16.jpg 375w, https:\/\/klubolimpijczyka.duchu.net\/wp-content\/uploads\/2024\/04\/7-16-225x300.jpg 225w\" sizes=\"auto, (max-width: 375px) 100vw, 375px\" \/><\/figure>\n\n\n\n<figure class=\"wp-block-image size-large\"><img loading=\"lazy\" decoding=\"async\" width=\"500\" height=\"375\" data-id=\"2930\" src=\"https:\/\/klubolimpijczyka-nowa.duchu.net\/wp-content\/uploads\/2024\/04\/8-13.jpg\" alt=\"\" class=\"wp-image-2930\" srcset=\"https:\/\/klubolimpijczyka.duchu.net\/wp-content\/uploads\/2024\/04\/8-13.jpg 500w, https:\/\/klubolimpijczyka.duchu.net\/wp-content\/uploads\/2024\/04\/8-13-300x225.jpg 300w\" sizes=\"auto, (max-width: 500px) 100vw, 500px\" \/><\/figure>\n\n\n\n<figure class=\"wp-block-image size-large\"><img loading=\"lazy\" decoding=\"async\" width=\"500\" height=\"375\" data-id=\"2925\" src=\"https:\/\/klubolimpijczyka-nowa.duchu.net\/wp-content\/uploads\/2024\/04\/9-10.jpg\" alt=\"\" class=\"wp-image-2925\" srcset=\"https:\/\/klubolimpijczyka.duchu.net\/wp-content\/uploads\/2024\/04\/9-10.jpg 500w, https:\/\/klubolimpijczyka.duchu.net\/wp-content\/uploads\/2024\/04\/9-10-300x225.jpg 300w\" sizes=\"auto, (max-width: 500px) 100vw, 500px\" \/><\/figure>\n\n\n\n<figure class=\"wp-block-image size-large\"><img loading=\"lazy\" decoding=\"async\" width=\"500\" height=\"375\" data-id=\"2928\" src=\"https:\/\/klubolimpijczyka-nowa.duchu.net\/wp-content\/uploads\/2024\/04\/10-1.jpg\" alt=\"\" class=\"wp-image-2928\" srcset=\"https:\/\/klubolimpijczyka.duchu.net\/wp-content\/uploads\/2024\/04\/10-1.jpg 500w, https:\/\/klubolimpijczyka.duchu.net\/wp-content\/uploads\/2024\/04\/10-1-300x225.jpg 300w\" sizes=\"auto, (max-width: 500px) 100vw, 500px\" \/><\/figure>\n<\/figure>\n","protected":false},"excerpt":{"rendered":"<p>8.06. 2010r &#8211; Terespol &#8211; IX Olimpiada Przedszkolak\u00f3w Olimpiada rozpocz\u0119\u0142a si\u0119 od uroczystego przemarszu dzieci po p\u0142ycie boiska. Flag\u0119 olimpijsk\u0105 na stadion wnie\u015bli: Paulina Tymon, Weronika Wszo\u0142a, Karol Jawtoszuk, Hubert Androsiuk, Kuba Ku\u017ako i Asia Tarkowska. Pochodnie wnios\u0142y: Oliwka Bojczewska i pani Joanna Oleszczuk &#8211; dyrektor Przedszkola Miejskiego w Terespolu i zapali\u0142y znicz Olimpijski. Dzieci\u2026 <span class=\"read-more\"><a href=\"https:\/\/klubolimpijczyka.duchu.net\/index.php\/2010\/06\/20\/ix-olimpiada-przedszkolakow-187\/\">Czytaj dalej &raquo;<\/a><\/span><\/p>\n","protected":false},"author":2,"featured_media":0,"comment_status":"open","ping_status":"open","sticky":false,"template":"","format":"standard","meta":{"footnotes":""},"categories":[1],"tags":[],"class_list":["post-187","post","type-post","status-publish","format-standard","hentry","category-uncategorized"],"_links":{"self":[{"href":"https:\/\/klubolimpijczyka.duchu.net\/index.php\/wp-json\/wp\/v2\/posts\/187","targetHints":{"allow":["GET"]}}],"collection":[{"href":"https:\/\/klubolimpijczyka.duchu.net\/index.php\/wp-json\/wp\/v2\/posts"}],"about":[{"href":"https:\/\/klubolimpijczyka.duchu.net\/index.php\/wp-json\/wp\/v2\/types\/post"}],"author":[{"embeddable":true,"href":"https:\/\/klubolimpijczyka.duchu.net\/index.php\/wp-json\/wp\/v2\/users\/2"}],"replies":[{"embeddable":true,"href":"https:\/\/klubolimpijczyka.duchu.net\/index.php\/wp-json\/wp\/v2\/comments?post=187"}],"version-history":[{"count":1,"href":"https:\/\/klubolimpijczyka.duchu.net\/index.php\/wp-json\/wp\/v2\/posts\/187\/revisions"}],"predecessor-version":[{"id":2934,"href":"https:\/\/klubolimpijczyka.duchu.net\/index.php\/wp-json\/wp\/v2\/posts\/187\/revisions\/2934"}],"wp:attachment":[{"href":"https:\/\/klubolimpijczyka.duchu.net\/index.php\/wp-json\/wp\/v2\/media?parent=187"}],"wp:term":[{"taxonomy":"category","embeddable":true,"href":"https:\/\/klubolimpijczyka.duchu.net\/index.php\/wp-json\/wp\/v2\/categories?post=187"},{"taxonomy":"post_tag","embeddable":true,"href":"https:\/\/klubolimpijczyka.duchu.net\/index.php\/wp-json\/wp\/v2\/tags?post=187"}],"curies":[{"name":"wp","href":"https:\/\/api.w.org\/{rel}","templated":true}]}}