{"id":157,"date":"2009-10-07T00:00:00","date_gmt":"2009-10-07T00:00:00","guid":{"rendered":"https:\/\/klubolimpijczyka-nowa.duchu.net\/?p=157"},"modified":"2024-04-07T20:45:01","modified_gmt":"2024-04-07T20:45:01","slug":"20091007-wojewodzka-liga-la-zamosc-157","status":"publish","type":"post","link":"https:\/\/klubolimpijczyka.duchu.net\/index.php\/2009\/10\/07\/20091007-wojewodzka-liga-la-zamosc-157\/","title":{"rendered":"2009.10.07 &#8211; WOJEW\u00d3DZKA LIGA LA &#8211; ZAMO\u015a\u0106"},"content":{"rendered":"<p><center><b>WOJEW\u00d3DZKA LIGA LA &#8211; 7.10.2009R &#8211; ZAMO\u015a\u0106<\/b><\/center><\/p>\n<p>Przy wietrznej, mokrej i zimnej pogodzie zosta\u0142 rozegrany Fina\u0142 Wojew\u00f3dzki Ligi Lekkoatletycznej Szk\u00f3\u0142 Ponadpodstawowych. Byli te\u017c tam \u201enasi\u201d. Wystartowali gorzej ni\u017c w roku ubieg\u0142ym. Lepiej spisali si\u0119 ch\u0142opcy, kt\u00f3rzy w ostatecznej klasyfikacji zaj\u0119li czwarte miejsce (w ubieg\u0142ym roku trzecie!). Gorzej od ch\u0142opc\u00f3w spisa\u0142y si\u0119 dziewcz\u0119ta, kt\u00f3re zaj\u0119\u0142y \u00f3sme miejsce (w ubieg\u0142ym roku czwarte!). Mimo to jeste\u015bmy zadowoleni, \u017ce w og\u00f3le startowali\u015bmy w Finale. By\u0107 czwart\u0105, czy \u00f3sm\u0105 szko\u0142\u0105 w Wojew\u00f3dztwie to naprawd\u0119 brzmi dumnie!<\/p>\n\n\n<figure class=\"wp-block-gallery has-nested-images columns-default is-cropped wp-block-gallery-1 is-layout-flex wp-block-gallery-is-layout-flex\">\n<figure class=\"wp-block-image size-large\"><img loading=\"lazy\" decoding=\"async\" width=\"400\" height=\"300\" data-id=\"3514\" src=\"https:\/\/klubolimpijczyka-nowa.duchu.net\/wp-content\/uploads\/2024\/04\/1-185.jpg\" alt=\"\" class=\"wp-image-3514\" srcset=\"https:\/\/klubolimpijczyka.duchu.net\/wp-content\/uploads\/2024\/04\/1-185.jpg 400w, https:\/\/klubolimpijczyka.duchu.net\/wp-content\/uploads\/2024\/04\/1-185-300x225.jpg 300w\" sizes=\"auto, (max-width: 400px) 100vw, 400px\" \/><\/figure>\n\n\n\n<figure class=\"wp-block-image size-large\"><img loading=\"lazy\" decoding=\"async\" width=\"400\" height=\"300\" data-id=\"3511\" src=\"https:\/\/klubolimpijczyka-nowa.duchu.net\/wp-content\/uploads\/2024\/04\/2-185.jpg\" alt=\"\" class=\"wp-image-3511\" srcset=\"https:\/\/klubolimpijczyka.duchu.net\/wp-content\/uploads\/2024\/04\/2-185.jpg 400w, https:\/\/klubolimpijczyka.duchu.net\/wp-content\/uploads\/2024\/04\/2-185-300x225.jpg 300w\" sizes=\"auto, (max-width: 400px) 100vw, 400px\" \/><\/figure>\n\n\n\n<figure class=\"wp-block-image size-large\"><img loading=\"lazy\" decoding=\"async\" width=\"400\" height=\"300\" data-id=\"3513\" src=\"https:\/\/klubolimpijczyka-nowa.duchu.net\/wp-content\/uploads\/2024\/04\/3-181.jpg\" alt=\"\" class=\"wp-image-3513\" srcset=\"https:\/\/klubolimpijczyka.duchu.net\/wp-content\/uploads\/2024\/04\/3-181.jpg 400w, https:\/\/klubolimpijczyka.duchu.net\/wp-content\/uploads\/2024\/04\/3-181-300x225.jpg 300w\" sizes=\"auto, (max-width: 400px) 100vw, 400px\" \/><\/figure>\n\n\n\n<figure class=\"wp-block-image size-large\"><img loading=\"lazy\" decoding=\"async\" width=\"400\" height=\"300\" data-id=\"3512\" src=\"https:\/\/klubolimpijczyka-nowa.duchu.net\/wp-content\/uploads\/2024\/04\/4-109.jpg\" alt=\"\" class=\"wp-image-3512\" srcset=\"https:\/\/klubolimpijczyka.duchu.net\/wp-content\/uploads\/2024\/04\/4-109.jpg 400w, https:\/\/klubolimpijczyka.duchu.net\/wp-content\/uploads\/2024\/04\/4-109-300x225.jpg 300w\" sizes=\"auto, (max-width: 400px) 100vw, 400px\" \/><\/figure>\n\n\n\n<figure class=\"wp-block-image size-large\"><img loading=\"lazy\" decoding=\"async\" width=\"400\" height=\"300\" data-id=\"3510\" src=\"https:\/\/klubolimpijczyka-nowa.duchu.net\/wp-content\/uploads\/2024\/04\/5-106.jpg\" alt=\"\" class=\"wp-image-3510\" srcset=\"https:\/\/klubolimpijczyka.duchu.net\/wp-content\/uploads\/2024\/04\/5-106.jpg 400w, https:\/\/klubolimpijczyka.duchu.net\/wp-content\/uploads\/2024\/04\/5-106-300x225.jpg 300w\" sizes=\"auto, (max-width: 400px) 100vw, 400px\" \/><\/figure>\n<\/figure>\n","protected":false},"excerpt":{"rendered":"<p>WOJEW\u00d3DZKA LIGA LA &#8211; 7.10.2009R &#8211; ZAMO\u015a\u0106 Przy wietrznej, mokrej i zimnej pogodzie zosta\u0142 rozegrany Fina\u0142 Wojew\u00f3dzki Ligi Lekkoatletycznej Szk\u00f3\u0142 Ponadpodstawowych. Byli te\u017c tam \u201enasi\u201d. Wystartowali gorzej ni\u017c w roku ubieg\u0142ym. Lepiej spisali si\u0119 ch\u0142opcy, kt\u00f3rzy w ostatecznej klasyfikacji zaj\u0119li czwarte miejsce (w ubieg\u0142ym roku trzecie!). Gorzej od ch\u0142opc\u00f3w spisa\u0142y si\u0119 dziewcz\u0119ta, kt\u00f3re zaj\u0119\u0142y \u00f3sme\u2026 <span class=\"read-more\"><a href=\"https:\/\/klubolimpijczyka.duchu.net\/index.php\/2009\/10\/07\/20091007-wojewodzka-liga-la-zamosc-157\/\">Czytaj dalej &raquo;<\/a><\/span><\/p>\n","protected":false},"author":2,"featured_media":0,"comment_status":"open","ping_status":"open","sticky":false,"template":"","format":"standard","meta":{"footnotes":""},"categories":[1],"tags":[],"class_list":["post-157","post","type-post","status-publish","format-standard","hentry","category-uncategorized"],"_links":{"self":[{"href":"https:\/\/klubolimpijczyka.duchu.net\/index.php\/wp-json\/wp\/v2\/posts\/157","targetHints":{"allow":["GET"]}}],"collection":[{"href":"https:\/\/klubolimpijczyka.duchu.net\/index.php\/wp-json\/wp\/v2\/posts"}],"about":[{"href":"https:\/\/klubolimpijczyka.duchu.net\/index.php\/wp-json\/wp\/v2\/types\/post"}],"author":[{"embeddable":true,"href":"https:\/\/klubolimpijczyka.duchu.net\/index.php\/wp-json\/wp\/v2\/users\/2"}],"replies":[{"embeddable":true,"href":"https:\/\/klubolimpijczyka.duchu.net\/index.php\/wp-json\/wp\/v2\/comments?post=157"}],"version-history":[{"count":1,"href":"https:\/\/klubolimpijczyka.duchu.net\/index.php\/wp-json\/wp\/v2\/posts\/157\/revisions"}],"predecessor-version":[{"id":3515,"href":"https:\/\/klubolimpijczyka.duchu.net\/index.php\/wp-json\/wp\/v2\/posts\/157\/revisions\/3515"}],"wp:attachment":[{"href":"https:\/\/klubolimpijczyka.duchu.net\/index.php\/wp-json\/wp\/v2\/media?parent=157"}],"wp:term":[{"taxonomy":"category","embeddable":true,"href":"https:\/\/klubolimpijczyka.duchu.net\/index.php\/wp-json\/wp\/v2\/categories?post=157"},{"taxonomy":"post_tag","embeddable":true,"href":"https:\/\/klubolimpijczyka.duchu.net\/index.php\/wp-json\/wp\/v2\/tags?post=157"}],"curies":[{"name":"wp","href":"https:\/\/api.w.org\/{rel}","templated":true}]}}