{"id":152,"date":"2009-09-23T00:00:00","date_gmt":"2009-09-23T00:00:00","guid":{"rendered":"https:\/\/klubolimpijczyka-nowa.duchu.net\/?p=152"},"modified":"2024-04-08T08:39:28","modified_gmt":"2024-04-08T08:39:28","slug":"20090923-powiatowe-biegi-przelajowe-woskrzenice-152","status":"publish","type":"post","link":"https:\/\/klubolimpijczyka.duchu.net\/index.php\/2009\/09\/23\/20090923-powiatowe-biegi-przelajowe-woskrzenice-152\/","title":{"rendered":"2009.09.23 &#8211; POWIATOWE BIEGI PRZE\u0141AJOWE WOSKRZENICE"},"content":{"rendered":"<p><center><b>POWIATOWE BIEGI PRZE\u0141AJOWE WOSKRZENICE<\/b><\/center><\/p>\n<p><b>Terespol super! <\/b>Bardzo dobrze spisa\u0142y si\u0119 dziewcz\u0119ta i ch\u0142opcy z LO w Terespolu w Powiatowych Biegach Prze\u0142ajowych. Obie dru\u017cyny okaza\u0142y si\u0119 bezkonkurencyjne i wystartuj\u0105 w zawodach Rejonowych w Adamowie. W dru\u017cynie dziewcz\u0105t biega\u0142y: <b>Monika Rogalla, Klaudia Andrzejuk, Natalia Wietraszuk, Katarzyna Zajko, Patrycja Chomiuk, Barbara Ruba, Klaudia Wasiluk, Ma\u0142gorzata Lube\u0144czuk, Patrycja Janiszek, Bo\u017cena Parafiniuk<\/b>. <br \/>Dru\u017cyn\u0119 ch\u0142opc\u00f3w reprezentowali: <b>Adrian Matejek, Artur Trochimiuk, Piotr Zaremba, Marek Dac, Samuel Masiuk, B\u0142a\u017cej Sosnowski, Dawid Rafa\u0142ko, Mateusz Semeniuk, Marcin Soroczy\u0144ski, Mariusz Szprychel, Tomasz Zab\u0142ocki<\/b>.<br \/>W zawodach startowa\u0142y r\u00f3wnie\u017c dziewcz\u0119ta z Gimnazjum nr2, niestety nie zdo\u0142a\u0142y zakwalifikowa\u0107 si\u0119 do zawod\u00f3w wy\u017cszego szczebla, chocia\u017c by\u0142y bardzo blisko. Ostatecznie po wyr\u00f3wnanej walce zaj\u0119\u0142y trzecie miejsce. Troch\u0119 szkoda straconej szansy na awans, bo taka by\u0142a. Mo\u017ce za rok?<\/p>\n\n\n<figure class=\"wp-block-gallery has-nested-images columns-default is-cropped wp-block-gallery-1 is-layout-flex wp-block-gallery-is-layout-flex\">\n<figure class=\"wp-block-image size-large\"><img loading=\"lazy\" decoding=\"async\" width=\"400\" height=\"300\" data-id=\"3616\" src=\"https:\/\/klubolimpijczyka-nowa.duchu.net\/wp-content\/uploads\/2024\/04\/1-207.jpg\" alt=\"\" class=\"wp-image-3616\" srcset=\"https:\/\/klubolimpijczyka.duchu.net\/wp-content\/uploads\/2024\/04\/1-207.jpg 400w, https:\/\/klubolimpijczyka.duchu.net\/wp-content\/uploads\/2024\/04\/1-207-300x225.jpg 300w\" sizes=\"auto, (max-width: 400px) 100vw, 400px\" \/><\/figure>\n\n\n\n<figure class=\"wp-block-image size-large\"><img loading=\"lazy\" decoding=\"async\" width=\"400\" height=\"300\" data-id=\"3615\" src=\"https:\/\/klubolimpijczyka-nowa.duchu.net\/wp-content\/uploads\/2024\/04\/3-201.jpg\" alt=\"\" class=\"wp-image-3615\" srcset=\"https:\/\/klubolimpijczyka.duchu.net\/wp-content\/uploads\/2024\/04\/3-201.jpg 400w, https:\/\/klubolimpijczyka.duchu.net\/wp-content\/uploads\/2024\/04\/3-201-300x225.jpg 300w\" sizes=\"auto, (max-width: 400px) 100vw, 400px\" \/><\/figure>\n\n\n\n<figure class=\"wp-block-image size-large\"><img loading=\"lazy\" decoding=\"async\" width=\"400\" height=\"533\" data-id=\"3614\" src=\"https:\/\/klubolimpijczyka-nowa.duchu.net\/wp-content\/uploads\/2024\/04\/4-115.jpg\" alt=\"\" class=\"wp-image-3614\" srcset=\"https:\/\/klubolimpijczyka.duchu.net\/wp-content\/uploads\/2024\/04\/4-115.jpg 400w, https:\/\/klubolimpijczyka.duchu.net\/wp-content\/uploads\/2024\/04\/4-115-225x300.jpg 225w\" sizes=\"auto, (max-width: 400px) 100vw, 400px\" \/><\/figure>\n<\/figure>\n","protected":false},"excerpt":{"rendered":"<p>POWIATOWE BIEGI PRZE\u0141AJOWE WOSKRZENICE Terespol super! Bardzo dobrze spisa\u0142y si\u0119 dziewcz\u0119ta i ch\u0142opcy z LO w Terespolu w Powiatowych Biegach Prze\u0142ajowych. Obie dru\u017cyny okaza\u0142y si\u0119 bezkonkurencyjne i wystartuj\u0105 w zawodach Rejonowych w Adamowie. W dru\u017cynie dziewcz\u0105t biega\u0142y: Monika Rogalla, Klaudia Andrzejuk, Natalia Wietraszuk, Katarzyna Zajko, Patrycja Chomiuk, Barbara Ruba, Klaudia Wasiluk, Ma\u0142gorzata Lube\u0144czuk, Patrycja Janiszek,\u2026 <span class=\"read-more\"><a href=\"https:\/\/klubolimpijczyka.duchu.net\/index.php\/2009\/09\/23\/20090923-powiatowe-biegi-przelajowe-woskrzenice-152\/\">Czytaj dalej &raquo;<\/a><\/span><\/p>\n","protected":false},"author":2,"featured_media":0,"comment_status":"open","ping_status":"open","sticky":false,"template":"","format":"standard","meta":{"footnotes":""},"categories":[1],"tags":[],"class_list":["post-152","post","type-post","status-publish","format-standard","hentry","category-uncategorized"],"_links":{"self":[{"href":"https:\/\/klubolimpijczyka.duchu.net\/index.php\/wp-json\/wp\/v2\/posts\/152","targetHints":{"allow":["GET"]}}],"collection":[{"href":"https:\/\/klubolimpijczyka.duchu.net\/index.php\/wp-json\/wp\/v2\/posts"}],"about":[{"href":"https:\/\/klubolimpijczyka.duchu.net\/index.php\/wp-json\/wp\/v2\/types\/post"}],"author":[{"embeddable":true,"href":"https:\/\/klubolimpijczyka.duchu.net\/index.php\/wp-json\/wp\/v2\/users\/2"}],"replies":[{"embeddable":true,"href":"https:\/\/klubolimpijczyka.duchu.net\/index.php\/wp-json\/wp\/v2\/comments?post=152"}],"version-history":[{"count":1,"href":"https:\/\/klubolimpijczyka.duchu.net\/index.php\/wp-json\/wp\/v2\/posts\/152\/revisions"}],"predecessor-version":[{"id":3617,"href":"https:\/\/klubolimpijczyka.duchu.net\/index.php\/wp-json\/wp\/v2\/posts\/152\/revisions\/3617"}],"wp:attachment":[{"href":"https:\/\/klubolimpijczyka.duchu.net\/index.php\/wp-json\/wp\/v2\/media?parent=152"}],"wp:term":[{"taxonomy":"category","embeddable":true,"href":"https:\/\/klubolimpijczyka.duchu.net\/index.php\/wp-json\/wp\/v2\/categories?post=152"},{"taxonomy":"post_tag","embeddable":true,"href":"https:\/\/klubolimpijczyka.duchu.net\/index.php\/wp-json\/wp\/v2\/tags?post=152"}],"curies":[{"name":"wp","href":"https:\/\/api.w.org\/{rel}","templated":true}]}}