{"id":109,"date":"2008-09-26T00:00:00","date_gmt":"2008-09-26T00:00:00","guid":{"rendered":"https:\/\/klubolimpijczyka-nowa.duchu.net\/?p=109"},"modified":"2024-04-08T19:49:26","modified_gmt":"2024-04-08T19:49:26","slug":"final-powiatu-i-rejonu-w-lidze-la-biala-podlaska-26092008r-109","status":"publish","type":"post","link":"https:\/\/klubolimpijczyka.duchu.net\/index.php\/2008\/09\/26\/final-powiatu-i-rejonu-w-lidze-la-biala-podlaska-26092008r-109\/","title":{"rendered":"FINA\u0141 POWIATU I REJONU W LIDZE LA &#8211; BIA\u0141A PODLASKA &#8211; 26.09.2008r"},"content":{"rendered":"<p><b><center>FINA\u0141 POWIATU I REJONU W LIDZE LA &#8211; BIA\u0141A PODLASKA<br \/>26.09.2008r<\/center><\/b><\/p>\n<p><b>Zar\u00f3wno dziewcz\u0119ta, jak i ch\u0142opcy z LO w Terespolu najlepsi Powiecie!<\/b><\/p>\n<p>Dru\u017cyna dziewcz\u0105t wyst\u0105pi\u0142a w sk\u0142adzie:<br \/><b>100m<\/b> &#8211; Monika Rogalla, Aleksandra Tarasiuk, Wioleta Stasiuk<br \/><b>400m<\/b> &#8211; Bo\u017cena Parafiniuk, Ma\u0142gorzata Lube\u0144czuk, Magdalena Daniluk<br \/><b>800m<\/b> &#8211; Justyna Trzaskalska, Patrycja Janiszek<br \/><b>kula<\/b> &#8211; Marta Grom, Justyna Szumska, Ewa Litwi\u0144ska<br \/><b>skok w dal<\/b> &#8211; Klaudia Andrzejuk, Katarzyna Durma, Monika Butrym<br \/><b>4x100m<\/b> &#8211; Wioleta Stasiuk, Magdalena Danieluk, Bo\u017cena Parafiniuk, Monika Rogalla<\/p>\n<p>Sk\u0142ad dru\u017cyny ch\u0142opc\u00f3w:<br \/><b>100m<\/b> &#8211; Samuel Masiuk, Mateusz Wr\u00f3blewski, Rafa\u0142 Piotrkowski<br \/><b>400m <\/b>&#8211; Marek Dac, Pawe\u0142 Gawryluk, Adrian Matejek<br \/><b>1500m<\/b> -Piotr Zaremba, Marcin Soroczy\u0144ski, Bart\u0142omiej Puzia<br \/><b>kula<\/b> &#8211; Micha\u0142 Mo\u017adzierz, Karol Gr\u0119ziak, Kamil Panasiuk<br \/><b>skok w dal<\/b> &#8211; Stefaniuk, Malczuk, Pawe\u0142 Lewczuk<br \/><b>4x100m<\/b> &#8211; Samuel Masiuk, Wr\u00f3blewski, Gawryluk, Dac Marek<\/p>\n<p><b>Drugie miejsca obu dru\u017cyn w Rejonie i awans do Fina\u0142u Wojew\u00f3dzkiego!<\/p>\n<p>Dziewcz\u0119ta zdoby\u0142y: 1121 punkt\u00f3w, a ch\u0142opcy: 1289. Trzymamy kciuki za fina\u0142!<\/b><\/p>\n\n\n<figure class=\"wp-block-gallery has-nested-images columns-default is-cropped wp-block-gallery-1 is-layout-flex wp-block-gallery-is-layout-flex\">\n<figure class=\"wp-block-image size-large\"><img loading=\"lazy\" decoding=\"async\" width=\"700\" height=\"525\" data-id=\"3681\" src=\"https:\/\/klubolimpijczyka-nowa.duchu.net\/wp-content\/uploads\/2024\/04\/1-219.jpg\" alt=\"\" class=\"wp-image-3681\" srcset=\"https:\/\/klubolimpijczyka.duchu.net\/wp-content\/uploads\/2024\/04\/1-219.jpg 700w, https:\/\/klubolimpijczyka.duchu.net\/wp-content\/uploads\/2024\/04\/1-219-300x225.jpg 300w, https:\/\/klubolimpijczyka.duchu.net\/wp-content\/uploads\/2024\/04\/1-219-660x495.jpg 660w\" sizes=\"auto, (max-width: 700px) 100vw, 700px\" \/><\/figure>\n\n\n\n<figure class=\"wp-block-image size-large\"><img loading=\"lazy\" decoding=\"async\" width=\"800\" height=\"600\" data-id=\"3679\" src=\"https:\/\/klubolimpijczyka-nowa.duchu.net\/wp-content\/uploads\/2024\/04\/2-215.jpg\" alt=\"\" class=\"wp-image-3679\" srcset=\"https:\/\/klubolimpijczyka.duchu.net\/wp-content\/uploads\/2024\/04\/2-215.jpg 800w, https:\/\/klubolimpijczyka.duchu.net\/wp-content\/uploads\/2024\/04\/2-215-300x225.jpg 300w, https:\/\/klubolimpijczyka.duchu.net\/wp-content\/uploads\/2024\/04\/2-215-768x576.jpg 768w, https:\/\/klubolimpijczyka.duchu.net\/wp-content\/uploads\/2024\/04\/2-215-660x495.jpg 660w\" sizes=\"auto, (max-width: 800px) 100vw, 800px\" \/><\/figure>\n\n\n\n<figure class=\"wp-block-image size-large\"><img loading=\"lazy\" decoding=\"async\" width=\"704\" height=\"495\" data-id=\"3680\" src=\"https:\/\/klubolimpijczyka-nowa.duchu.net\/wp-content\/uploads\/2024\/04\/3-212.jpg\" alt=\"\" class=\"wp-image-3680\" srcset=\"https:\/\/klubolimpijczyka.duchu.net\/wp-content\/uploads\/2024\/04\/3-212.jpg 704w, https:\/\/klubolimpijczyka.duchu.net\/wp-content\/uploads\/2024\/04\/3-212-300x211.jpg 300w, https:\/\/klubolimpijczyka.duchu.net\/wp-content\/uploads\/2024\/04\/3-212-660x464.jpg 660w, https:\/\/klubolimpijczyka.duchu.net\/wp-content\/uploads\/2024\/04\/3-212-200x140.jpg 200w\" sizes=\"auto, (max-width: 704px) 100vw, 704px\" \/><\/figure>\n<\/figure>\n","protected":false},"excerpt":{"rendered":"<p>FINA\u0141 POWIATU I REJONU W LIDZE LA &#8211; BIA\u0141A PODLASKA26.09.2008r Zar\u00f3wno dziewcz\u0119ta, jak i ch\u0142opcy z LO w Terespolu najlepsi Powiecie! Dru\u017cyna dziewcz\u0105t wyst\u0105pi\u0142a w sk\u0142adzie:100m &#8211; Monika Rogalla, Aleksandra Tarasiuk, Wioleta Stasiuk400m &#8211; Bo\u017cena Parafiniuk, Ma\u0142gorzata Lube\u0144czuk, Magdalena Daniluk800m &#8211; Justyna Trzaskalska, Patrycja Janiszekkula &#8211; Marta Grom, Justyna Szumska, Ewa Litwi\u0144skaskok w dal &#8211;\u2026 <span class=\"read-more\"><a href=\"https:\/\/klubolimpijczyka.duchu.net\/index.php\/2008\/09\/26\/final-powiatu-i-rejonu-w-lidze-la-biala-podlaska-26092008r-109\/\">Czytaj dalej &raquo;<\/a><\/span><\/p>\n","protected":false},"author":2,"featured_media":0,"comment_status":"open","ping_status":"open","sticky":false,"template":"","format":"standard","meta":{"footnotes":""},"categories":[1],"tags":[],"class_list":["post-109","post","type-post","status-publish","format-standard","hentry","category-uncategorized"],"_links":{"self":[{"href":"https:\/\/klubolimpijczyka.duchu.net\/index.php\/wp-json\/wp\/v2\/posts\/109","targetHints":{"allow":["GET"]}}],"collection":[{"href":"https:\/\/klubolimpijczyka.duchu.net\/index.php\/wp-json\/wp\/v2\/posts"}],"about":[{"href":"https:\/\/klubolimpijczyka.duchu.net\/index.php\/wp-json\/wp\/v2\/types\/post"}],"author":[{"embeddable":true,"href":"https:\/\/klubolimpijczyka.duchu.net\/index.php\/wp-json\/wp\/v2\/users\/2"}],"replies":[{"embeddable":true,"href":"https:\/\/klubolimpijczyka.duchu.net\/index.php\/wp-json\/wp\/v2\/comments?post=109"}],"version-history":[{"count":1,"href":"https:\/\/klubolimpijczyka.duchu.net\/index.php\/wp-json\/wp\/v2\/posts\/109\/revisions"}],"predecessor-version":[{"id":3682,"href":"https:\/\/klubolimpijczyka.duchu.net\/index.php\/wp-json\/wp\/v2\/posts\/109\/revisions\/3682"}],"wp:attachment":[{"href":"https:\/\/klubolimpijczyka.duchu.net\/index.php\/wp-json\/wp\/v2\/media?parent=109"}],"wp:term":[{"taxonomy":"category","embeddable":true,"href":"https:\/\/klubolimpijczyka.duchu.net\/index.php\/wp-json\/wp\/v2\/categories?post=109"},{"taxonomy":"post_tag","embeddable":true,"href":"https:\/\/klubolimpijczyka.duchu.net\/index.php\/wp-json\/wp\/v2\/tags?post=109"}],"curies":[{"name":"wp","href":"https:\/\/api.w.org\/{rel}","templated":true}]}}